{"id":16958,"date":"2022-06-28T16:25:36","date_gmt":"2022-06-28T14:25:36","guid":{"rendered":"http:\/\/efaktura.nl\/?p=16958"},"modified":"2023-10-23T14:09:49","modified_gmt":"2023-10-23T12:09:49","slug":"zmiany-podatkowe-dla-zzp-od-1-lipca-2022","status":"publish","type":"post","link":"https:\/\/efaktura.nl\/pl\/zmiany-podatkowe-dla-zzp-od-1-lipca-2022\/","title":{"rendered":"Zmiany podatkowe dla ZZP od 1 lipca 2022."},"content":{"rendered":"\n<h2 class=\"wp-block-heading\"><span style=\"font-weight: 400;\">Prowadzisz firm\u0119 w Holandii? Zobacz co nowego przygotowa\u0142 dla Ciebie i Twojej firmy niderlandzki rz\u0105d. Sprawd\u017a <\/span><span style=\"font-weight: 400;\">jak wygl\u0105da rozliczenie podatku w Holandii od 1 lipca 2022. <\/span><span style=\"font-weight: 400;\">Poznaj najwa\u017cniejsze zmiany dla ZZP.<\/span><\/h2>\n\n\n\n<h2 class=\"wp-block-heading\"><strong>1. Obni\u017cenie stawki VAT za energi\u0119.<\/strong><\/h2>\n\n\n\n<p class=\"wp-block-paragraph\"><span style=\"font-weight: 400;\">Z podwy\u017ckami cen energii zmaga si\u0119 ca\u0142y \u015bwiat. Kryzys ekonomiczny wywo\u0142any pandemi\u0105, wojna w Ukrainie &#8211; te czynniki wp\u0142ywaj\u0105 na niekorzystn\u0105 cen\u0119 surowc\u00f3w energetycznych, co wprost przek\u0142ada si\u0119 na kondycj\u0119 ka\u017cdego sektora gospodarki. Zmiany podatkowe dla ZZP maj\u0105 za zadanie cho\u0107 w cz\u0119\u015bci zaradzi\u0107 tej sytuacji, dlatego Holandia obni\u017ca stawk\u0119 podatku VAT za energi\u0119 (gaz ziemny, energi\u0119 elektryczn\u0105 i ciep\u0142ownictwo) z 21% na 9%. Wst\u0119pnie obni\u017cka ma obowi\u0105zywa\u0107 do ko\u0144ca tego roku. <a href=\"http:\/\/efaktura.nl\/pl\/jak-generowac-koszty-firmowe-unikajac-klopotow\/\">Szukasz oszcz\u0119dno\u015bci? Pami\u0119taj, \u017ceby skrupulatnie rejestrowa\u0107 koszty firmowe. Jak to robi\u0107 sprytnie przeczytasz TU!<\/a><br><\/span><span style=\"font-weight: 400;\"><\/span><\/p>\n\n\n<div class=\"wp-block-image\">\n<figure class=\"aligncenter size-full\"><img loading=\"lazy\" decoding=\"async\" width=\"670\" height=\"365\" src=\"https:\/\/efaktura.nl\/wp-content\/uploads\/289714668_561004545679113_4137851319533313947_n.jpg\" alt=\"Tan\u0144sza energia w Holandii\" class=\"wp-image-16972\" srcset=\"https:\/\/efaktura.nl\/wp-content\/uploads\/289714668_561004545679113_4137851319533313947_n.jpg 670w, https:\/\/efaktura.nl\/wp-content\/uploads\/289714668_561004545679113_4137851319533313947_n-300x163.jpg 300w, https:\/\/efaktura.nl\/wp-content\/uploads\/289714668_561004545679113_4137851319533313947_n-480x261.jpg 480w\" sizes=\"auto, (max-width: 670px) 100vw, 670px\" \/><\/figure>\n<\/div>\n\n\n<h2 class=\"wp-block-heading\"><strong>2. Terminy p\u0142atno\u015bci dla du\u017cych firm<\/strong><\/h2>\n\n\n\n<p class=\"wp-block-paragraph\"><span style=\"font-weight: 400;\">Rz\u0105d niderlandzki zadba\u0142 te\u017c o popraw\u0119 p\u0142ynno\u015bci finansowej w\u015br\u00f3d ma\u0142ych firm \u015bwiadcz\u0105cych us\u0142ugi na rzecz du\u017cych przedsi\u0119biorstw, kt\u00f3re do tej pory mia\u0142y ustawowy&nbsp; 60 dniowy termin p\u0142atno\u015bci faktur. Dla ma\u0142ych przedsi\u0119biorc\u00f3w by\u0142 to bardzo d\u0142ugi czas, przez co wiele firm wpada\u0142o w tarapaty finansowe.&nbsp;<\/span><\/p>\n\n\n\n<p class=\"wp-block-paragraph\"><span style=\"font-weight: 400;\">Od 1 lipca mo\u017cesz wystawi\u0107 faktur\u0119 swoim du\u017cym klientom z 30 dniowym terminem p\u0142atno\u015bci, dzi\u0119ki temu szybciej otrzymasz wynagrodzenie za swoj\u0105 prac\u0119 i b\u0119dziesz mia\u0142 \u015brodki na pokrycie bie\u017c\u0105cych koszt\u00f3w, czy inwestycje. Ta zmiana podatkowa dla ZZP pozwoli odetchn\u0105\u0107 z ulg\u0105 wielu ma\u0142ym firmom .<br><a href=\"http:\/\/efaktura.nl\/pl\/klient-nie-placi-na-czas-co-robic\/\">Klient zwleka z p\u0142atno\u015bci\u0105? Przeczytaj, co robi\u0107!<\/a><\/span><\/p>\n\n\n\n<h3 class=\"wp-block-heading\"><span style=\"font-weight: 400;\">Co to znaczy du\u017ca firma w Holandii?&nbsp;<\/span><\/h3>\n\n\n\n<p class=\"wp-block-paragraph\"><span style=\"font-weight: 400;\">Du\u017ca firma to taka, kt\u00f3ra spe\u0142nia <\/span><span style=\"font-weight: 400;\">co najmniej dwa<\/span><span style=\"font-weight: 400;\"> z poni\u017cszych kryteri\u00f3w:<\/span><\/p>\n\n\n\n<ul class=\"wp-block-list\">\n<li><span style=\"font-weight: 400;\">zatrudnia wi\u0119cej ni\u017c 250 pracownik\u00f3w,<\/span><\/li>\n\n\n\n<li><span style=\"font-weight: 400;\">suma bilansowa firmy jest wi\u0119ksza ni\u017c 20 mln Euro,<\/span><\/li>\n\n\n\n<li><span style=\"font-weight: 400;\">roczny obr\u00f3t netto wynosi co najmniej 40 mln Euro.<\/span><\/li>\n<\/ul>\n\n\n<div class=\"wp-block-image\">\n<figure class=\"aligncenter size-full\"><img loading=\"lazy\" decoding=\"async\" width=\"670\" height=\"365\" src=\"https:\/\/efaktura.nl\/wp-content\/uploads\/289873256_1672930099742873_1472839327490561498_n.jpg\" alt=\"Kr\u00f3tszy czas na zaplacenie faktur dla du\u017cych firm.\" class=\"wp-image-16978\" srcset=\"https:\/\/efaktura.nl\/wp-content\/uploads\/289873256_1672930099742873_1472839327490561498_n.jpg 670w, https:\/\/efaktura.nl\/wp-content\/uploads\/289873256_1672930099742873_1472839327490561498_n-300x163.jpg 300w, https:\/\/efaktura.nl\/wp-content\/uploads\/289873256_1672930099742873_1472839327490561498_n-480x261.jpg 480w\" sizes=\"auto, (max-width: 670px) 100vw, 670px\" \/><\/figure>\n<\/div>\n\n\n<h2 class=\"wp-block-heading\"><strong>3. Ochrona Twojego adresu w KvK<\/strong><\/h2>\n\n\n\n<p class=\"wp-block-paragraph\"><span style=\"font-weight: 400;\">Holenderska Izba handlowa umo\u017cliwi zabezpieczenie adresu siedziby Twojej firmy w przypadku zagro\u017cenia Ciebie lub Twoich pracownik\u00f3w. Do tej pory adres firmy mo\u017ce by\u0107 pobrany przez ka\u017cdego wprost z rejestru KvK (niderl. Izba Handlowa).&nbsp;<\/span><\/p>\n\n\n\n<p class=\"wp-block-paragraph\"><span style=\"font-weight: 400;\">Zabezpieczenie adresu mo\u017cliwe jest w dw\u00f3ch sytuacjach:<\/span><\/p>\n\n\n\n<ol class=\"wp-block-list\">\n<li><span style=\"font-weight: 400;\"> W przypadku konkretnego zagro\u017cenia &#8211; ta ochrona dotyczy tak\u017ce adresu firmowego, kt\u00f3ry nie jest miejscem zamieszkania.<\/span><\/li>\n\n\n\n<li><span style=\"font-weight: 400;\"> W przypadku pewnych zawod\u00f3w, kiedy ze wzgl\u0119du na ich specyfik\u0119 jawno\u015b\u0107 adresu mo\u017ce stanowi\u0107 zagro\u017cenie dla Ciebie, b\u0105d\u017a Twoich bliskich.<\/span><\/li>\n<\/ol>\n\n\n\n<p class=\"wp-block-paragraph\"><span style=\"font-weight: 400;\">Data wej\u015bcia w \u017cycie tych zmian prawnych nie jest jeszcze definitywna.<\/span><\/p>\n\n\n\n<h2 class=\"wp-block-heading\"><strong>4. Chcesz za\u0142o\u017cy\u0107 sp\u00f3\u0142k\u0119 B.V.?&nbsp; Zr\u00f3b to online!<\/strong><\/h2>\n\n\n\n<p class=\"wp-block-paragraph\"><span style=\"font-weight: 400;\">Dot\u0105d by za\u0142o\u017cy\u0107 sp\u00f3\u0142k\u0119 w Holandii niezb\u0119dna by\u0142a wizyta u notariusza. Tam podpisywany jest akt notarialny przez wszystkich wsp\u00f3lnik\u00f3w.<\/span><\/p>\n\n\n\n<p class=\"wp-block-paragraph\"><span style=\"font-weight: 400;\">Ju\u017c nied\u0142ugo taka wizyta nie b\u0119dzie potrzebna. Zawarcie sp\u00f3\u0142ki mo\u017ce nast\u0105pi\u0107 za pomoc\u0105 <\/span><b>cyfrowego aktu notarialnego<\/b><span style=\"font-weight: 400;\">, zatem cala operacja mo\u017ce by\u0107 zrealizowana online.&nbsp;<\/span><\/p>\n\n\n\n<p class=\"wp-block-paragraph\"><span style=\"font-weight: 400;\">Od teraz, wraz ze swoim wsp\u00f3lnikiem\/ wsp\u00f3lnikami, b\u0119dziesz m\u00f3g\u0142 za\u0142o\u017cy\u0107 sp\u00f3\u0142k\u0119 za pomoc\u0105 cyfrowego aktu notarialnego, zatem ca\u0142a operacja mo\u017ce by\u0107 zrealizowana online. Zmiana ta zapowiadana jest na 1 sierpnia 2022.&nbsp;<\/span><\/p>\n\n\n\n<h2 class=\"wp-block-heading\"><strong>5. Zmiany dotycz\u0105ce zatrudniania pracownik\u00f3w.<\/strong><\/h2>\n\n\n\n<p class=\"wp-block-paragraph\"><span style=\"font-weight: 400;\">Rynek pracy w Holandii staje si\u0119 jeszcze bardziej przyjazny i atrakcyjny, dzi\u0119ki nowym zmianom. Zatrudniasz pracownik\u00f3w? Dowiedz si\u0119, jakie obowi\u0105zki musisz spe\u0142ni\u0107.<\/span><\/p>\n\n\n\n<p class=\"wp-block-paragraph\"><span style=\"font-weight: 400;\">Rz\u0105d niderlandzki nak\u0142ada na pracodawc\u00f3w obowi\u0105zek dbania o&nbsp; bardziej przejrzyste zasady zatrudniania. Dotyczy to obowi\u0105zku informowania na pi\u015bmie o:<\/span><\/p>\n\n\n\n<ul class=\"wp-block-list\">\n<li><span style=\"font-weight: 400;\">czasie trwania i warunkach okresu pr\u00f3bnego,&nbsp;<\/span><\/li>\n\n\n\n<li><span style=\"font-weight: 400;\">zasadach dotycz\u0105cych urlopu i dni wolnych od pracy,&nbsp;<\/span><\/li>\n\n\n\n<li><span style=\"font-weight: 400;\">miejscu, w kt\u00f3rym wykonywana jest praca,&nbsp;<\/span><\/li>\n\n\n\n<li><span style=\"font-weight: 400;\">mo\u017cliwo\u015bciach podnoszenia kompetencji, szkole\u0144,<\/span><\/li>\n\n\n\n<li><span style=\"font-weight: 400;\">cz\u0119\u015bciach sk\u0142adowych wynagrodzenia,<\/span><\/li>\n\n\n\n<li><span style=\"font-weight: 400;\">formalno\u015bciach po ewentualnym rozwi\u0105zaniu stosunku pracy.<\/span><\/li>\n<\/ul>\n\n\n\n<h3 class=\"wp-block-heading\"><span style=\"font-weight: 400;\">Pracodawca finansuje szkolenia.<\/span><\/h3>\n\n\n\n<p class=\"wp-block-paragraph\"><span style=\"font-weight: 400;\">W niekt\u00f3rych bran\u017cach mo\u017cesz by\u0107 zobligowany prawnie lub w CAO do zapewnienia i sfinansowania szkole\u0144 pracownik\u00f3w, kt\u00f3re mog\u0105 odbywa\u0107 si\u0119 w godzinach pracy.<\/span><\/p>\n\n\n\n<h3 class=\"wp-block-heading\"><span style=\"font-weight: 400;\">Pracownik mo\u017ce mie\u0107 wi\u0119cej pracodawc\u00f3w.<\/span><\/h3>\n\n\n\n<p class=\"wp-block-paragraph\"><span style=\"font-weight: 400;\">Pracodawca nie mo\u017ce uniemo\u017cliwi\u0107 swojemu pracownikowi pracy w innym miejscu. Nie dotyczy to sytuacji zwi\u0105zanych z&nbsp; ochron\u0105 poufnych informacji firmowych czy konfliktem interes\u00f3w.<\/span><\/p>\n\n\n\n<h3 class=\"wp-block-heading\"><span style=\"font-weight: 400;\">Sta\u0142e kontrakty.<\/span><\/h3>\n\n\n\n<p class=\"wp-block-paragraph\"><span style=\"font-weight: 400;\">Pracownicy pracuj\u0105cy w pe\u0142nym wymiarze godzin d\u0142u\u017cej ni\u017c 26 tygodni mog\u0105 wnioskowa\u0107 o prac\u0119 na bardziej przewidywalnych warunkach (sta\u0142y kontrakt). Pracownik mo\u017ce wnioskowa\u0107 o to 1 raz do roku. Pracodawca ma obowi\u0105zek zareagowa\u0107 na tak\u0105 pro\u015bb\u0119 w ci\u0105gu 1 miesi\u0105ca. W przypadku ma\u0142ych pracodawc\u00f3w (z mniej ni\u017c 10 pracownik\u00f3w) czas na tak\u0105 reakcj\u0119 wynosi 3 miesi\u0105ce.<\/span><\/p>\n\n\n\n<h2 class=\"wp-block-heading\"><strong>6. Masz firm\u0119 budowlan\u0105? Przygotuj si\u0119 na du\u017c\u0105 odpowiedzialno\u015b\u0107.<\/strong><\/h2>\n\n\n\n<p class=\"wp-block-paragraph\"><span style=\"font-weight: 400;\">Od pocz\u0105tku przysz\u0142ego roku rz\u0105d na\u0142o\u017cy na firmy budowlane obowi\u0105zek zatrudniania certyfikowanego i niezale\u017cnego kontrolera jako\u015bci, po to, \u017ceby chroni\u0107 konsument\u00f3w prywatnych i biznesowych przed ryzykiem wad ukrytych. Zmieni si\u0119 te\u017c zasada dotycz\u0105ca odpowiedzialno\u015bci za te wady &#8211; b\u0119dzie ponosi\u0142 j\u0105 wykonawca, nawet po odbiorze budowlanym.&nbsp;<\/span><\/p>\n\n\n\n<h2 class=\"wp-block-heading\"><strong>7. Zmiany w zasadach urlop\u00f3w macierzy\u0144skich.<\/strong><\/h2>\n\n\n\n<p class=\"wp-block-paragraph\"><span style=\"font-weight: 400;\">2 sierpnia wchodzi w \u017cycie prawo o p\u0142atnym urlopie rodzicielskim (WBO). Rodzice b\u0119d\u0105 mieli prawo do 26 tygodni urlopu, z czego pierwsze 9 tygodni b\u0119dzie p\u0142atne. Zasi\u0142ek za p\u0142atny urlop rodzicielski b\u0119dzie wynosi\u0142 70% dziennego wynagrodzenia.&nbsp;<\/span><\/p>\n\n\n\n<p class=\"wp-block-paragraph\"><span style=\"font-weight: 400;\">Pracownik musi wykorzysta\u0107 p\u0142atn\u0105 cz\u0119\u015b\u0107 urlopu w 1szym roku \u017cycia dziecka. Pozosta\u0142e 17 tygodni mog\u0105 zosta\u0107 wykorzystane do 8 urodzin dziecka. Ta ostatnia cz\u0119\u015b\u0107 urlopu jest bezp\u0142atna, chyba \u017ce zosta\u0142o ustalone inaczej w uk\u0142adzie zbiorowym pracy lub w inny spos\u00f3b.<\/span><\/p>\n\n\n\n<p class=\"wp-block-paragraph\"><span style=\"font-weight: 400;\">Podsumowuj\u0105c zmiany podatkowe dla ZZP, niderlandzki rz\u0105d wyra\u017anie okre\u015bla kierunek swojej polityki na pro konsumenck\u0105 i jeszcze bardziej, ni\u017c dotychczas dba o rynek pracownika. <\/span><span style=\"font-weight: 400;\">Wci\u0105\u017c w wielu ga\u0142\u0119ziach gospodarki potrzebne s\u0105 r\u0119ce do pracy, nic nie zapowiada zatem, \u017ceby w najbli\u017cszym czasie holenderski rynek pracy mia\u0142 straci\u0107 na atrakcyjno\u015bci. <\/span><\/p>\n\n\n\n<p class=\"wp-block-paragraph\"><span style=\"font-weight: 400;\">Jednocze\u015bnie cz\u0119\u015b\u0107 zmian podatkowych jest nastawiona na \u0142agodzenie skutk\u00f3w kryzysu ekonomicznego, szczeg\u00f3lnie dla mniejszych ZZP.<\/span><\/p>\n\n\n\n<p class=\"wp-block-paragraph\"><span style=\"font-weight: 400;\">\u0179r\u00f3d\u0142o: https:\/\/www.kvk.nl<\/span><\/p>\n","protected":false},"excerpt":{"rendered":"<p>Holenderski rz\u0105d przygotowa\u0142 zmiany podatkowe dla ZZP. Sprawd\u017a, kt\u00f3re z nich dotycz\u0105 bezpo\u015brednio Ciebie i Twojej firmy.<\/p>\n","protected":false},"author":3,"featured_media":17078,"comment_status":"closed","ping_status":"closed","sticky":false,"template":"","format":"standard","meta":{"_acf_changed":false,"_crdt_document":"","inline_featured_image":false,"footnotes":""},"categories":[20,1,113],"tags":[159,46,27,87,53,101,98,158],"class_list":["post-16958","post","type-post","status-publish","format-standard","has-post-thumbnail","hentry","category-administracja","category-firma-w-holandii","category-podatki","tag-admiministracja-firmy-w-holandii","tag-administracja-firmy-w-holandii","tag-administracja-w-holandii","tag-kontrola-z-belastingdienst","tag-male-firmy","tag-podatki","tag-polacy-za-granica","tag-zmiany-podatkowe"],"acf":[],"yoast_head":"<!-- This site is optimized with the Yoast SEO plugin v27.4 - https:\/\/yoast.com\/product\/yoast-seo-wordpress\/ -->\n<title>Zmiany podatkowe dla ZZP od 1 lipca 2022. - eFaktura.nl<\/title>\n<meta name=\"description\" content=\"Sprawd\u017a jak wygl\u0105da rozliczenie podatku w Holandii dla ZZP od 1 lipca 2022. Jakie zmiany podatkowe przygotowa\u0142 dla firm niderlandzki rz\u0105d.\" \/>\n<meta name=\"robots\" content=\"index, follow, max-snippet:-1, max-image-preview:large, max-video-preview:-1\" \/>\n<link rel=\"canonical\" href=\"https:\/\/efaktura.nl\/pl\/zmiany-podatkowe-dla-zzp-od-1-lipca-2022\/\" \/>\n<meta property=\"og:locale\" content=\"pl_PL\" \/>\n<meta property=\"og:type\" content=\"article\" \/>\n<meta property=\"og:title\" content=\"Zmiany podatkowe dla ZZP od 1 lipca 2022. - eFaktura.nl\" \/>\n<meta property=\"og:description\" content=\"Sprawd\u017a jak wygl\u0105da rozliczenie podatku w Holandii dla ZZP od 1 lipca 2022. Jakie zmiany podatkowe przygotowa\u0142 dla firm niderlandzki rz\u0105d.\" \/>\n<meta property=\"og:url\" content=\"https:\/\/efaktura.nl\/pl\/zmiany-podatkowe-dla-zzp-od-1-lipca-2022\/\" \/>\n<meta property=\"og:site_name\" content=\"eFaktura.nl\" \/>\n<meta property=\"article:publisher\" content=\"https:\/\/www.facebook.com\/efaktura.nl\" \/>\n<meta property=\"article:published_time\" content=\"2022-06-28T14:25:36+00:00\" \/>\n<meta property=\"article:modified_time\" content=\"2023-10-23T12:09:49+00:00\" \/>\n<meta property=\"og:image\" content=\"https:\/\/efaktura.nl\/wp-content\/uploads\/290005811_437119161332692_793118374213613709_n.png\" \/>\n\t<meta property=\"og:image:width\" content=\"900\" \/>\n\t<meta property=\"og:image:height\" content=\"600\" \/>\n\t<meta property=\"og:image:type\" content=\"image\/png\" \/>\n<meta name=\"author\" content=\"Natalia Tanalska\" \/>\n<meta name=\"twitter:card\" content=\"summary_large_image\" \/>\n<script type=\"application\/ld+json\" class=\"yoast-schema-graph\">{\"@context\":\"https:\\\/\\\/schema.org\",\"@graph\":[{\"@type\":\"Article\",\"@id\":\"https:\\\/\\\/efaktura.nl\\\/pl\\\/zmiany-podatkowe-dla-zzp-od-1-lipca-2022\\\/#article\",\"isPartOf\":{\"@id\":\"https:\\\/\\\/efaktura.nl\\\/pl\\\/zmiany-podatkowe-dla-zzp-od-1-lipca-2022\\\/\"},\"author\":{\"name\":\"Natalia Tanalska\",\"@id\":\"https:\\\/\\\/efaktura.nl\\\/pl\\\/#\\\/schema\\\/person\\\/1b6361d5dcfd5eea37cf7f151ffc98cf\"},\"headline\":\"Zmiany podatkowe dla ZZP od 1 lipca 2022.\",\"datePublished\":\"2022-06-28T14:25:36+00:00\",\"dateModified\":\"2023-10-23T12:09:49+00:00\",\"mainEntityOfPage\":{\"@id\":\"https:\\\/\\\/efaktura.nl\\\/pl\\\/zmiany-podatkowe-dla-zzp-od-1-lipca-2022\\\/\"},\"wordCount\":1023,\"publisher\":{\"@id\":\"https:\\\/\\\/efaktura.nl\\\/pl\\\/#organization\"},\"image\":{\"@id\":\"https:\\\/\\\/efaktura.nl\\\/pl\\\/zmiany-podatkowe-dla-zzp-od-1-lipca-2022\\\/#primaryimage\"},\"thumbnailUrl\":\"https:\\\/\\\/efaktura.nl\\\/wp-content\\\/uploads\\\/290005811_437119161332692_793118374213613709_n.png\",\"keywords\":[\"admiministracja firmy w Holandii\",\"administracja firmy w Holandii\",\"administracja w Holandii\",\"kontrola z Belastingdienst\",\"ma\u0142e firmy\",\"podatki\",\"Polacy za granic\u0105\",\"zmiany podatkowe\"],\"articleSection\":[\"Administracja\",\"Firma w Holandii\",\"Podatki\"],\"inLanguage\":\"pl-PL\"},{\"@type\":\"WebPage\",\"@id\":\"https:\\\/\\\/efaktura.nl\\\/pl\\\/zmiany-podatkowe-dla-zzp-od-1-lipca-2022\\\/\",\"url\":\"https:\\\/\\\/efaktura.nl\\\/pl\\\/zmiany-podatkowe-dla-zzp-od-1-lipca-2022\\\/\",\"name\":\"Zmiany podatkowe dla ZZP od 1 lipca 2022. - eFaktura.nl\",\"isPartOf\":{\"@id\":\"https:\\\/\\\/efaktura.nl\\\/pl\\\/#website\"},\"primaryImageOfPage\":{\"@id\":\"https:\\\/\\\/efaktura.nl\\\/pl\\\/zmiany-podatkowe-dla-zzp-od-1-lipca-2022\\\/#primaryimage\"},\"image\":{\"@id\":\"https:\\\/\\\/efaktura.nl\\\/pl\\\/zmiany-podatkowe-dla-zzp-od-1-lipca-2022\\\/#primaryimage\"},\"thumbnailUrl\":\"https:\\\/\\\/efaktura.nl\\\/wp-content\\\/uploads\\\/290005811_437119161332692_793118374213613709_n.png\",\"datePublished\":\"2022-06-28T14:25:36+00:00\",\"dateModified\":\"2023-10-23T12:09:49+00:00\",\"description\":\"Sprawd\u017a jak wygl\u0105da rozliczenie podatku w Holandii dla ZZP od 1 lipca 2022. Jakie zmiany podatkowe przygotowa\u0142 dla firm niderlandzki rz\u0105d.\",\"breadcrumb\":{\"@id\":\"https:\\\/\\\/efaktura.nl\\\/pl\\\/zmiany-podatkowe-dla-zzp-od-1-lipca-2022\\\/#breadcrumb\"},\"inLanguage\":\"pl-PL\",\"potentialAction\":[{\"@type\":\"ReadAction\",\"target\":[\"https:\\\/\\\/efaktura.nl\\\/pl\\\/zmiany-podatkowe-dla-zzp-od-1-lipca-2022\\\/\"]}]},{\"@type\":\"ImageObject\",\"inLanguage\":\"pl-PL\",\"@id\":\"https:\\\/\\\/efaktura.nl\\\/pl\\\/zmiany-podatkowe-dla-zzp-od-1-lipca-2022\\\/#primaryimage\",\"url\":\"https:\\\/\\\/efaktura.nl\\\/wp-content\\\/uploads\\\/290005811_437119161332692_793118374213613709_n.png\",\"contentUrl\":\"https:\\\/\\\/efaktura.nl\\\/wp-content\\\/uploads\\\/290005811_437119161332692_793118374213613709_n.png\",\"width\":900,\"height\":600,\"caption\":\"Te zmiany podatkowe dotycz\u0105 te\u017c Ciebie - Lipiec 2022\"},{\"@type\":\"BreadcrumbList\",\"@id\":\"https:\\\/\\\/efaktura.nl\\\/pl\\\/zmiany-podatkowe-dla-zzp-od-1-lipca-2022\\\/#breadcrumb\",\"itemListElement\":[{\"@type\":\"ListItem\",\"position\":1,\"name\":\"Strona g\u0142\u00f3wna\",\"item\":\"https:\\\/\\\/efaktura.nl\\\/pl\\\/new-home\\\/\"},{\"@type\":\"ListItem\",\"position\":2,\"name\":\"Zmiany podatkowe dla ZZP od 1 lipca 2022.\"}]},{\"@type\":\"WebSite\",\"@id\":\"https:\\\/\\\/efaktura.nl\\\/pl\\\/#website\",\"url\":\"https:\\\/\\\/efaktura.nl\\\/pl\\\/\",\"name\":\"eFaktura.nl\",\"description\":\"\",\"publisher\":{\"@id\":\"https:\\\/\\\/efaktura.nl\\\/pl\\\/#organization\"},\"potentialAction\":[{\"@type\":\"SearchAction\",\"target\":{\"@type\":\"EntryPoint\",\"urlTemplate\":\"https:\\\/\\\/efaktura.nl\\\/pl\\\/?s={search_term_string}\"},\"query-input\":{\"@type\":\"PropertyValueSpecification\",\"valueRequired\":true,\"valueName\":\"search_term_string\"}}],\"inLanguage\":\"pl-PL\"},{\"@type\":\"Organization\",\"@id\":\"https:\\\/\\\/efaktura.nl\\\/pl\\\/#organization\",\"name\":\"eFaktura\",\"url\":\"https:\\\/\\\/efaktura.nl\\\/pl\\\/\",\"logo\":{\"@type\":\"ImageObject\",\"inLanguage\":\"pl-PL\",\"@id\":\"https:\\\/\\\/efaktura.nl\\\/pl\\\/#\\\/schema\\\/logo\\\/image\\\/\",\"url\":\"https:\\\/\\\/efaktura.nl\\\/wp-content\\\/uploads\\\/logo-efaktura-25.svg\",\"contentUrl\":\"https:\\\/\\\/efaktura.nl\\\/wp-content\\\/uploads\\\/logo-efaktura-25.svg\",\"width\":264,\"height\":31,\"caption\":\"eFaktura\"},\"image\":{\"@id\":\"https:\\\/\\\/efaktura.nl\\\/pl\\\/#\\\/schema\\\/logo\\\/image\\\/\"},\"sameAs\":[\"https:\\\/\\\/www.facebook.com\\\/efaktura.nl\",\"https:\\\/\\\/www.instagram.com\\\/efaktura.eu\\\/\",\"https:\\\/\\\/www.youtube.com\\\/channel\\\/UCpx6sOnTCmDMkAG2QEyW9PA\"]},{\"@type\":\"Person\",\"@id\":\"https:\\\/\\\/efaktura.nl\\\/pl\\\/#\\\/schema\\\/person\\\/1b6361d5dcfd5eea37cf7f151ffc98cf\",\"name\":\"Natalia Tanalska\"}]}<\/script>\n<!-- \/ Yoast SEO plugin. -->","yoast_head_json":{"title":"Zmiany podatkowe dla ZZP od 1 lipca 2022. - eFaktura.nl","description":"Sprawd\u017a jak wygl\u0105da rozliczenie podatku w Holandii dla ZZP od 1 lipca 2022. Jakie zmiany podatkowe przygotowa\u0142 dla firm niderlandzki rz\u0105d.","robots":{"index":"index","follow":"follow","max-snippet":"max-snippet:-1","max-image-preview":"max-image-preview:large","max-video-preview":"max-video-preview:-1"},"canonical":"https:\/\/efaktura.nl\/pl\/zmiany-podatkowe-dla-zzp-od-1-lipca-2022\/","og_locale":"pl_PL","og_type":"article","og_title":"Zmiany podatkowe dla ZZP od 1 lipca 2022. - eFaktura.nl","og_description":"Sprawd\u017a jak wygl\u0105da rozliczenie podatku w Holandii dla ZZP od 1 lipca 2022. Jakie zmiany podatkowe przygotowa\u0142 dla firm niderlandzki rz\u0105d.","og_url":"https:\/\/efaktura.nl\/pl\/zmiany-podatkowe-dla-zzp-od-1-lipca-2022\/","og_site_name":"eFaktura.nl","article_publisher":"https:\/\/www.facebook.com\/efaktura.nl","article_published_time":"2022-06-28T14:25:36+00:00","article_modified_time":"2023-10-23T12:09:49+00:00","og_image":[{"width":900,"height":600,"url":"https:\/\/efaktura.nl\/wp-content\/uploads\/290005811_437119161332692_793118374213613709_n.png","type":"image\/png"}],"author":"Natalia Tanalska","twitter_card":"summary_large_image","schema":{"@context":"https:\/\/schema.org","@graph":[{"@type":"Article","@id":"https:\/\/efaktura.nl\/pl\/zmiany-podatkowe-dla-zzp-od-1-lipca-2022\/#article","isPartOf":{"@id":"https:\/\/efaktura.nl\/pl\/zmiany-podatkowe-dla-zzp-od-1-lipca-2022\/"},"author":{"name":"Natalia Tanalska","@id":"https:\/\/efaktura.nl\/pl\/#\/schema\/person\/1b6361d5dcfd5eea37cf7f151ffc98cf"},"headline":"Zmiany podatkowe dla ZZP od 1 lipca 2022.","datePublished":"2022-06-28T14:25:36+00:00","dateModified":"2023-10-23T12:09:49+00:00","mainEntityOfPage":{"@id":"https:\/\/efaktura.nl\/pl\/zmiany-podatkowe-dla-zzp-od-1-lipca-2022\/"},"wordCount":1023,"publisher":{"@id":"https:\/\/efaktura.nl\/pl\/#organization"},"image":{"@id":"https:\/\/efaktura.nl\/pl\/zmiany-podatkowe-dla-zzp-od-1-lipca-2022\/#primaryimage"},"thumbnailUrl":"https:\/\/efaktura.nl\/wp-content\/uploads\/290005811_437119161332692_793118374213613709_n.png","keywords":["admiministracja firmy w Holandii","administracja firmy w Holandii","administracja w Holandii","kontrola z Belastingdienst","ma\u0142e firmy","podatki","Polacy za granic\u0105","zmiany podatkowe"],"articleSection":["Administracja","Firma w Holandii","Podatki"],"inLanguage":"pl-PL"},{"@type":"WebPage","@id":"https:\/\/efaktura.nl\/pl\/zmiany-podatkowe-dla-zzp-od-1-lipca-2022\/","url":"https:\/\/efaktura.nl\/pl\/zmiany-podatkowe-dla-zzp-od-1-lipca-2022\/","name":"Zmiany podatkowe dla ZZP od 1 lipca 2022. - eFaktura.nl","isPartOf":{"@id":"https:\/\/efaktura.nl\/pl\/#website"},"primaryImageOfPage":{"@id":"https:\/\/efaktura.nl\/pl\/zmiany-podatkowe-dla-zzp-od-1-lipca-2022\/#primaryimage"},"image":{"@id":"https:\/\/efaktura.nl\/pl\/zmiany-podatkowe-dla-zzp-od-1-lipca-2022\/#primaryimage"},"thumbnailUrl":"https:\/\/efaktura.nl\/wp-content\/uploads\/290005811_437119161332692_793118374213613709_n.png","datePublished":"2022-06-28T14:25:36+00:00","dateModified":"2023-10-23T12:09:49+00:00","description":"Sprawd\u017a jak wygl\u0105da rozliczenie podatku w Holandii dla ZZP od 1 lipca 2022. Jakie zmiany podatkowe przygotowa\u0142 dla firm niderlandzki rz\u0105d.","breadcrumb":{"@id":"https:\/\/efaktura.nl\/pl\/zmiany-podatkowe-dla-zzp-od-1-lipca-2022\/#breadcrumb"},"inLanguage":"pl-PL","potentialAction":[{"@type":"ReadAction","target":["https:\/\/efaktura.nl\/pl\/zmiany-podatkowe-dla-zzp-od-1-lipca-2022\/"]}]},{"@type":"ImageObject","inLanguage":"pl-PL","@id":"https:\/\/efaktura.nl\/pl\/zmiany-podatkowe-dla-zzp-od-1-lipca-2022\/#primaryimage","url":"https:\/\/efaktura.nl\/wp-content\/uploads\/290005811_437119161332692_793118374213613709_n.png","contentUrl":"https:\/\/efaktura.nl\/wp-content\/uploads\/290005811_437119161332692_793118374213613709_n.png","width":900,"height":600,"caption":"Te zmiany podatkowe dotycz\u0105 te\u017c Ciebie - Lipiec 2022"},{"@type":"BreadcrumbList","@id":"https:\/\/efaktura.nl\/pl\/zmiany-podatkowe-dla-zzp-od-1-lipca-2022\/#breadcrumb","itemListElement":[{"@type":"ListItem","position":1,"name":"Strona g\u0142\u00f3wna","item":"https:\/\/efaktura.nl\/pl\/new-home\/"},{"@type":"ListItem","position":2,"name":"Zmiany podatkowe dla ZZP od 1 lipca 2022."}]},{"@type":"WebSite","@id":"https:\/\/efaktura.nl\/pl\/#website","url":"https:\/\/efaktura.nl\/pl\/","name":"eFaktura.nl","description":"","publisher":{"@id":"https:\/\/efaktura.nl\/pl\/#organization"},"potentialAction":[{"@type":"SearchAction","target":{"@type":"EntryPoint","urlTemplate":"https:\/\/efaktura.nl\/pl\/?s={search_term_string}"},"query-input":{"@type":"PropertyValueSpecification","valueRequired":true,"valueName":"search_term_string"}}],"inLanguage":"pl-PL"},{"@type":"Organization","@id":"https:\/\/efaktura.nl\/pl\/#organization","name":"eFaktura","url":"https:\/\/efaktura.nl\/pl\/","logo":{"@type":"ImageObject","inLanguage":"pl-PL","@id":"https:\/\/efaktura.nl\/pl\/#\/schema\/logo\/image\/","url":"https:\/\/efaktura.nl\/wp-content\/uploads\/logo-efaktura-25.svg","contentUrl":"https:\/\/efaktura.nl\/wp-content\/uploads\/logo-efaktura-25.svg","width":264,"height":31,"caption":"eFaktura"},"image":{"@id":"https:\/\/efaktura.nl\/pl\/#\/schema\/logo\/image\/"},"sameAs":["https:\/\/www.facebook.com\/efaktura.nl","https:\/\/www.instagram.com\/efaktura.eu\/","https:\/\/www.youtube.com\/channel\/UCpx6sOnTCmDMkAG2QEyW9PA"]},{"@type":"Person","@id":"https:\/\/efaktura.nl\/pl\/#\/schema\/person\/1b6361d5dcfd5eea37cf7f151ffc98cf","name":"Natalia Tanalska"}]}},"_links":{"self":[{"href":"https:\/\/efaktura.nl\/pl\/wp-json\/wp\/v2\/posts\/16958","targetHints":{"allow":["GET"]}}],"collection":[{"href":"https:\/\/efaktura.nl\/pl\/wp-json\/wp\/v2\/posts"}],"about":[{"href":"https:\/\/efaktura.nl\/pl\/wp-json\/wp\/v2\/types\/post"}],"author":[{"embeddable":true,"href":"https:\/\/efaktura.nl\/pl\/wp-json\/wp\/v2\/users\/3"}],"replies":[{"embeddable":true,"href":"https:\/\/efaktura.nl\/pl\/wp-json\/wp\/v2\/comments?post=16958"}],"version-history":[{"count":0,"href":"https:\/\/efaktura.nl\/pl\/wp-json\/wp\/v2\/posts\/16958\/revisions"}],"wp:featuredmedia":[{"embeddable":true,"href":"https:\/\/efaktura.nl\/pl\/wp-json\/wp\/v2\/media\/17078"}],"wp:attachment":[{"href":"https:\/\/efaktura.nl\/pl\/wp-json\/wp\/v2\/media?parent=16958"}],"wp:term":[{"taxonomy":"category","embeddable":true,"href":"https:\/\/efaktura.nl\/pl\/wp-json\/wp\/v2\/categories?post=16958"},{"taxonomy":"post_tag","embeddable":true,"href":"https:\/\/efaktura.nl\/pl\/wp-json\/wp\/v2\/tags?post=16958"}],"curies":[{"name":"wp","href":"https:\/\/api.w.org\/{rel}","templated":true}]}}