{"id":18731,"date":"2023-01-03T16:02:30","date_gmt":"2023-01-03T15:02:30","guid":{"rendered":"http:\/\/efaktura.nl\/?p=18731"},"modified":"2023-10-23T12:37:36","modified_gmt":"2023-10-23T10:37:36","slug":"zmiany-w-przepisach-dla-firm-w-holandii","status":"publish","type":"post","link":"https:\/\/efaktura.nl\/pl\/zmiany-w-przepisach-dla-firm-w-holandii\/","title":{"rendered":"Zmiany w przepisach dla firm w Holandii."},"content":{"rendered":"\n<h2 class=\"wp-block-heading\">Prawo podatkowe musi by\u0107 na bie\u017c\u0105co dostosowane do zmian gospodarczych. I tym razem rz\u0105d niderlandzki przygotowa\u0142 regulacje, kt\u00f3re bezpo\u015brednio dotycz\u0105 firm w Holandii.<\/h2>\n\n\n\n<h2 class=\"wp-block-heading\">Jeste\u015b ZZP? Zobacz co zmieni si\u0119 w prawie podatkowym od stycznia 2023 roku.<\/h2>\n\n\n\n<h3 class=\"wp-block-heading\">1. P\u0142aca minimalna w Holandii w g\u00f3r\u0119.<\/h3>\n\n\n\n<p class=\"wp-block-paragraph\"><span style=\"font-weight: 400;\">Wysoka cena energii prze\u0142o\u017cy\u0142a si\u0119 na podniesienie cen produkt\u00f3w, a to z kolei wywo\u0142a\u0142o wysok\u0105 inflacj\u0119. W odpowiedzi na trudn\u0105 sytuacj\u0119 ekonomiczn\u0105, w Holandii wprowadzono wzrost p\u0142acy minimalnej o 10%. Podnosz\u0105c p\u0142ac\u0119 minimaln\u0105, obni\u017caj\u0105c podatek dochodowy i zwi\u0119kszaj\u0105c ulgi podatkowe, rz\u0105d chce podnie\u015b\u0107 si\u0142\u0119 nabywcz\u0105 i tym samym wyj\u015b\u0107 z gospodarczego kryzysu.<\/span><\/p>\n\n\n\n<p class=\"wp-block-paragraph\"><a href=\"http:\/\/efaktura.nl\/pl\/jak-wprowadzic-podwyzke-cen-w-swojej-firmie\/\"><span style=\"font-weight: 400;\">Zastanawiasz si\u0119 jak rozs\u0105dnie podnie\u015b\u0107 ceny w firmie? Dowiedz si\u0119 jak to zrobi\u0107 TU.&nbsp;<\/span><\/a><\/p>\n\n\n\n<h3 class=\"wp-block-heading\">2. Koniec z rabatami na niby.<\/h3>\n\n\n\n<p class=\"wp-block-paragraph\">R\u00f3wnie\u017c w Holandii zosta\u0142a wprowadzona unijna dyrektywa (Omnibus) dotycz\u0105ca transparentnych zasad rabatowania produkt\u00f3w. Od teraz sprzedawca ma obowi\u0105zek poinformowa\u0107 konsumenta o najni\u017cszej cenie przecenionego towaru, czy us\u0142ugi, jaka obowi\u0105zywa\u0142a w ci\u0105gu ostatnich 30 dni.&nbsp;<\/p>\n\n\n\n<h3 class=\"wp-block-heading\">3. Masz pow\u00f3d, \u017ceby ukry\u0107 adres firmy? Teraz mo\u017cesz to zrobi\u0107!<\/h3>\n\n\n\n<p class=\"wp-block-paragraph\"><span style=\"font-weight: 400;\">Od 15 grudnia 2022 roku wszed\u0142 w \u017cycie przepis chroni\u0105cy dane adresowe Twojej firmy. Je\u015bli z jakiego\u015b powodu chcesz utajni\u0107 adres siedziby, teraz mo\u017cesz to zrobi\u0107. Dotyczy to g\u0142\u00f3wnie przypadk\u00f3w, kiedy czujesz si\u0119 z jakiego\u015b powodu zagro\u017cony. Korzystaj z tego prawa z rozwag\u0105, bo dost\u0119p do danych adresowych firmy uwiarygodnia Ci\u0119 w oczach kontrahent\u00f3w.&nbsp;<\/span><\/p>\n\n\n\n<h3 class=\"wp-block-heading\">4. Dofinansowanie \u017c\u0142obka i przedszkola bez kryterium godzin dla przedsi\u0119biorc\u00f3w w\u00a0 Holandii<\/h3>\n\n\n\n<p class=\"wp-block-paragraph\">Dotychczas wysoko\u015b\u0107 dofinansowania plac\u00f3wki opieku\u0144czej dla dziecka by\u0142a uzale\u017cniona od wymiaru godzin pracy samozatrudnionego rodzica. Od teraz to kryterium jest zniesione, tym samym zasady przyznawania dofinansowania s\u0105 uproszczone. Zmian\u0119 szczeg\u00f3lnie doceni\u0105 przedsi\u0119biorczy rodzice z nieregularnym czasem pracy.<\/p>\n\n\n\n<p class=\"wp-block-paragraph\"><a href=\"http:\/\/efaktura.nl\/pl\/macierzynski-dla-zzp-wszystko-o-swiadczeniu-zez\/\">Wi\u0119cej o zasi\u0142kach dla matek prowadz\u0105cych firm\u0119 przeczytasz TU.&nbsp;<\/a><\/p>\n\n\n\n<h3 class=\"wp-block-heading\">5. Kilometr\u00f3wka w g\u00f3r\u0119.<\/h3>\n\n\n\n<p class=\"wp-block-paragraph\">Reaguj\u0105c na podwy\u017cki cen paliw i transportu publicznego podniesiono stawk\u0119 kilometr\u00f3wki z 0,19\u20ac na 0,21\u20ac. Jednocze\u015bnie rz\u0105d zapowiedzia\u0142 kolejn\u0105 podwy\u017ck\u0119 &#8211; 0,22\u20ac na rok 2024.<\/p>\n\n\n\n<p class=\"wp-block-paragraph\">Zmiana dotyczy os\u00f3b zatrudnionych na etatach (za tras\u0119 do miejsca pracy) oraz przedsi\u0119biorc\u00f3w, kt\u00f3rzy rozliczaj\u0105 kilometr\u00f3wk\u0119.<\/p>\n\n\n\n<p class=\"wp-block-paragraph\">W przypadku os\u00f3b zatrudnionych, pracodawca wyp\u0142aca kwot\u0119 wyliczon\u0105 wed\u0142ug ustalonej stawki. Osoby samozatrudnione odejmuj\u0105 kilometr\u00f3wk\u0119 od podstawy do opodatkowania, tym samym zmniejszaj\u0105c wysoko\u015b\u0107 podatku dochodowego.<\/p>\n\n\n\n<p class=\"wp-block-paragraph\"><a href=\"http:\/\/efaktura.nl\/pl\/sposob-uzytkowania-pojazdu-a-kilometrowka-w-holandii-bijetelling\/\">Jak najkorzystniej rozliczy\u0107 kilometr\u00f3wk\u0119 przeczytasz TU.<\/a><\/p>\n\n\n<div class=\"wp-block-image\">\n<figure class=\"aligncenter size-full\"><img loading=\"lazy\" decoding=\"async\" width=\"900\" height=\"600\" src=\"https:\/\/efaktura.nl\/wp-content\/uploads\/321421711_905628720433317_95009694433977039_n.jpg\" alt=\"Zmiana stawki za kilometr\u00f3wk\u0119\" class=\"wp-image-18814\" srcset=\"https:\/\/efaktura.nl\/wp-content\/uploads\/321421711_905628720433317_95009694433977039_n.jpg 900w, https:\/\/efaktura.nl\/wp-content\/uploads\/321421711_905628720433317_95009694433977039_n-300x200.jpg 300w, https:\/\/efaktura.nl\/wp-content\/uploads\/321421711_905628720433317_95009694433977039_n-768x512.jpg 768w, https:\/\/efaktura.nl\/wp-content\/uploads\/321421711_905628720433317_95009694433977039_n-480x320.jpg 480w\" sizes=\"auto, (max-width: 900px) 100vw, 900px\" \/><\/figure>\n<\/div>\n\n\n<h3 class=\"wp-block-heading\">6. Limit cenowy na energi\u0119.<\/h3>\n\n\n\n<p class=\"wp-block-paragraph\">Rz\u0105d wprowadzi\u0142 regulacj\u0119 cen energii dla ma\u0142ych przedsi\u0119biorstw, \u017ceby tym samym pozwoli\u0107 im lepiej przewidywa\u0107 koszty zwi\u0105zane z dzia\u0142alno\u015bci\u0105 gospodarcz\u0105. Limit cenowy oznacza, \u017ce zap\u0142acisz 1,45\u20ac za m3 gazu do maksymalnie 1,200 m3 i 0,40\u20ac za kWh za energi\u0119 elektryczn\u0105 do maksymalnie 2,900 kWh. Zu\u017cycie powy\u017cej ustalonych limit\u00f3w b\u0119dzie liczone wed\u0142ug stawek rynkowych.&nbsp;<\/p>\n\n\n\n<h4 class=\"wp-block-heading\">Program TEK.<\/h4>\n\n\n\n<p class=\"wp-block-paragraph\">Jednocze\u015bnie masz prawo do ulgi na koszty energii (TEK), je\u015bli zu\u017cywasz wi\u0119cej ni\u017c 5000 m3 gazu lub 50 000 kWh energii elektrycznej rocznie i je\u015bli co najmniej 7 procent Twojego obrotu stanowi\u0105 koszty energii.<\/p>\n\n\n\n<p class=\"wp-block-paragraph\">Program TEK i limit cenowy obowi\u0105zuj\u0105 do ko\u0144ca 2023 roku.\u00a0<\/p>\n\n\n<div class=\"wp-block-image\">\n<figure class=\"aligncenter size-full\"><img loading=\"lazy\" decoding=\"async\" width=\"900\" height=\"600\" src=\"https:\/\/efaktura.nl\/wp-content\/uploads\/323068187_914785426627936_8583860719311379380_n.jpg\" alt=\"Wprowadzenie limitu cenowego na energi\u0119\" class=\"wp-image-18808\" srcset=\"https:\/\/efaktura.nl\/wp-content\/uploads\/323068187_914785426627936_8583860719311379380_n.jpg 900w, https:\/\/efaktura.nl\/wp-content\/uploads\/323068187_914785426627936_8583860719311379380_n-300x200.jpg 300w, https:\/\/efaktura.nl\/wp-content\/uploads\/323068187_914785426627936_8583860719311379380_n-768x512.jpg 768w, https:\/\/efaktura.nl\/wp-content\/uploads\/323068187_914785426627936_8583860719311379380_n-480x320.jpg 480w\" sizes=\"auto, (max-width: 900px) 100vw, 900px\" \/><\/figure>\n<\/div>\n\n\n<h3 class=\"wp-block-heading\">7. Zmniejszenie zelfstandigenaf<strong>trek.<\/strong><\/h3>\n\n\n\n<p class=\"wp-block-paragraph\">Obliczaj\u0105c wysoko\u015b\u0107 podatku dochodowego masz prawo do odliczenia kwoty dla samodzielnych przedsi\u0119biorc\u00f3w zwi\u0105zanej ze spe\u0142nieniem kryterium godzinowego. Odliczenie to zosta\u0142o zmniejszone o 1 280\u20ac w 2023 r. i wyniesie w sumie 5 030\u20ac.<\/p>\n\n\n\n<p class=\"wp-block-paragraph\">W kolejnych latach rz\u0105d przewiduje regularne zmniejszanie tej kwoty, ostatecznie zelfstandigenaftrek ma wynie\u015b\u0107 900\u20ac w 2027 roku.<\/p>\n\n\n\n<p class=\"wp-block-paragraph\"><a href=\"http:\/\/efaktura.nl\/pl\/kryterium-godzinowe-w-holandii\/\"> Wi\u0119cej o kryterium godzinowym w prowadzeniu firmy przeczytaj TU.<\/a><\/p>\n\n\n<div class=\"wp-block-image\">\n<figure class=\"aligncenter size-full\"><img loading=\"lazy\" decoding=\"async\" width=\"900\" height=\"600\" src=\"https:\/\/efaktura.nl\/wp-content\/uploads\/321849134_996998727832203_912461627863059770_n-1.jpg\" alt=\"Zmiana stawki odpisu dla samodzielnych przedsi\u0119biorc\u00f3w w Holandii\" class=\"wp-image-18821\" srcset=\"https:\/\/efaktura.nl\/wp-content\/uploads\/321849134_996998727832203_912461627863059770_n-1.jpg 900w, https:\/\/efaktura.nl\/wp-content\/uploads\/321849134_996998727832203_912461627863059770_n-1-300x200.jpg 300w, https:\/\/efaktura.nl\/wp-content\/uploads\/321849134_996998727832203_912461627863059770_n-1-768x512.jpg 768w, https:\/\/efaktura.nl\/wp-content\/uploads\/321849134_996998727832203_912461627863059770_n-1-480x320.jpg 480w\" sizes=\"auto, (max-width: 900px) 100vw, 900px\" \/><\/figure>\n<\/div>\n\n\n<h3 class=\"wp-block-heading\">8. Zapowied\u017a zmian dla bran\u017cy budowlanej w Holandii<\/h3>\n\n\n\n<p class=\"wp-block-paragraph\">Rz\u0105d Holandii zapowiedzia\u0142 te\u017c zmiany w bran\u017cy budowlanej, kt\u00f3re maj\u0105 zosta\u0107 wprowadzone w ci\u0105gu 2023 roku.<\/p>\n\n\n\n<p class=\"wp-block-paragraph\">\u017beby podnosi\u0107 poziom us\u0142ug i lepiej zadba\u0107 o interesy konsument\u00f3w, firmy w bran\u017cy budowlanej b\u0119d\u0105 zobowi\u0105zane do zaanga\u017cowania niezale\u017cnego i certyfikowanego kontrolera jako\u015bci, kt\u00f3ry zweryfikuje jako\u015b\u0107 wykonanej us\u0142ugi.<\/p>\n\n\n\n<p class=\"wp-block-paragraph\">Zwi\u0119kszy si\u0119 te\u017c odpowiedzialno\u015b\u0107 firm budowlanych &#8211; jako w\u0142a\u015bciciel firmy, na przyk\u0142ad remontowej, b\u0119dziesz odpowiada\u0142 r\u00f3wnie\u017c za wady ukryte, kt\u00f3re wyjad\u0105 na jaw ju\u017c po wykonaniu us\u0142ugi.<\/p>\n\n\n\n<p class=\"wp-block-paragraph\">Z kolei przy pracach budowlanych i rozbi\u00f3rkowych ju\u017c nied\u0142ugo konieczna b\u0119dzie obecno\u015b\u0107 koordynatora do spraw bezpiecze\u0144stwa.<\/p>\n\n\n\n<p class=\"wp-block-paragraph\"><em>\u0179r\u00f3d\u0142o: www.kvk.nl<\/em><\/p>\n","protected":false},"excerpt":{"rendered":"<p>Przepisy podatkowe musz\u0105 by\u0107 na bie\u017c\u0105co dostosowane do zmian gospodarczych. I tym razem rz\u0105d niderlandzki przygotowa\u0142 regulacje, kt\u00f3re bezpo\u015brednio dotycz\u0105 przedsi\u0119biorc\u00f3w.<\/p>\n","protected":false},"author":3,"featured_media":18832,"comment_status":"closed","ping_status":"closed","sticky":false,"template":"","format":"standard","meta":{"_acf_changed":false,"_crdt_document":"","inline_featured_image":false,"footnotes":""},"categories":[20,1,113],"tags":[],"class_list":["post-18731","post","type-post","status-publish","format-standard","has-post-thumbnail","hentry","category-administracja","category-firma-w-holandii","category-podatki"],"acf":[],"yoast_head":"<!-- This site is optimized with the Yoast SEO plugin v27.4 - https:\/\/yoast.com\/product\/yoast-seo-wordpress\/ -->\n<title>Zmiany w przepisach dla firm w Holandii. - eFaktura.nl -<\/title>\n<meta name=\"description\" content=\"Sprawd\u017a na jakie zmiany w przepisach dla przedsi\u0119biorc\u00f3w musi si\u0119 przygotowa\u0107 twoja firma w Holandii. Zobacz jakie zmiany przygotowa\u0142 niderlandzki rz\u0105d.\" \/>\n<meta name=\"robots\" content=\"index, follow, max-snippet:-1, max-image-preview:large, max-video-preview:-1\" \/>\n<link rel=\"canonical\" href=\"https:\/\/efaktura.nl\/pl\/zmiany-w-przepisach-dla-firm-w-holandii\/\" \/>\n<meta property=\"og:locale\" content=\"pl_PL\" \/>\n<meta property=\"og:type\" content=\"article\" \/>\n<meta property=\"og:title\" content=\"Zmiany w przepisach dla firm w Holandii. - eFaktura.nl -\" \/>\n<meta property=\"og:description\" content=\"Sprawd\u017a na jakie zmiany w przepisach dla przedsi\u0119biorc\u00f3w musi si\u0119 przygotowa\u0107 twoja firma w Holandii. Zobacz jakie zmiany przygotowa\u0142 niderlandzki rz\u0105d.\" \/>\n<meta property=\"og:url\" content=\"https:\/\/efaktura.nl\/pl\/zmiany-w-przepisach-dla-firm-w-holandii\/\" \/>\n<meta property=\"og:site_name\" content=\"eFaktura.nl\" \/>\n<meta property=\"article:publisher\" content=\"https:\/\/www.facebook.com\/efaktura.nl\" \/>\n<meta property=\"article:published_time\" content=\"2023-01-03T15:02:30+00:00\" \/>\n<meta property=\"article:modified_time\" content=\"2023-10-23T10:37:36+00:00\" \/>\n<meta property=\"og:image\" content=\"https:\/\/efaktura.nl\/wp-content\/uploads\/322083566_695247775480273_2157670980858113950_n1.jpg\" \/>\n\t<meta property=\"og:image:width\" content=\"900\" \/>\n\t<meta property=\"og:image:height\" content=\"600\" \/>\n\t<meta property=\"og:image:type\" content=\"image\/jpeg\" \/>\n<meta name=\"author\" content=\"Natalia Tanalska\" \/>\n<meta name=\"twitter:card\" content=\"summary_large_image\" \/>\n<script type=\"application\/ld+json\" class=\"yoast-schema-graph\">{\"@context\":\"https:\\\/\\\/schema.org\",\"@graph\":[{\"@type\":\"Article\",\"@id\":\"https:\\\/\\\/efaktura.nl\\\/pl\\\/zmiany-w-przepisach-dla-firm-w-holandii\\\/#article\",\"isPartOf\":{\"@id\":\"https:\\\/\\\/efaktura.nl\\\/pl\\\/zmiany-w-przepisach-dla-firm-w-holandii\\\/\"},\"author\":{\"name\":\"Natalia Tanalska\",\"@id\":\"https:\\\/\\\/efaktura.nl\\\/pl\\\/#\\\/schema\\\/person\\\/1b6361d5dcfd5eea37cf7f151ffc98cf\"},\"headline\":\"Zmiany w przepisach dla firm w Holandii.\",\"datePublished\":\"2023-01-03T15:02:30+00:00\",\"dateModified\":\"2023-10-23T10:37:36+00:00\",\"mainEntityOfPage\":{\"@id\":\"https:\\\/\\\/efaktura.nl\\\/pl\\\/zmiany-w-przepisach-dla-firm-w-holandii\\\/\"},\"wordCount\":718,\"publisher\":{\"@id\":\"https:\\\/\\\/efaktura.nl\\\/pl\\\/#organization\"},\"image\":{\"@id\":\"https:\\\/\\\/efaktura.nl\\\/pl\\\/zmiany-w-przepisach-dla-firm-w-holandii\\\/#primaryimage\"},\"thumbnailUrl\":\"https:\\\/\\\/efaktura.nl\\\/wp-content\\\/uploads\\\/322083566_695247775480273_2157670980858113950_n1.jpg\",\"articleSection\":[\"Administracja\",\"Firma w Holandii\",\"Podatki\"],\"inLanguage\":\"pl-PL\"},{\"@type\":\"WebPage\",\"@id\":\"https:\\\/\\\/efaktura.nl\\\/pl\\\/zmiany-w-przepisach-dla-firm-w-holandii\\\/\",\"url\":\"https:\\\/\\\/efaktura.nl\\\/pl\\\/zmiany-w-przepisach-dla-firm-w-holandii\\\/\",\"name\":\"Zmiany w przepisach dla firm w Holandii. - eFaktura.nl -\",\"isPartOf\":{\"@id\":\"https:\\\/\\\/efaktura.nl\\\/pl\\\/#website\"},\"primaryImageOfPage\":{\"@id\":\"https:\\\/\\\/efaktura.nl\\\/pl\\\/zmiany-w-przepisach-dla-firm-w-holandii\\\/#primaryimage\"},\"image\":{\"@id\":\"https:\\\/\\\/efaktura.nl\\\/pl\\\/zmiany-w-przepisach-dla-firm-w-holandii\\\/#primaryimage\"},\"thumbnailUrl\":\"https:\\\/\\\/efaktura.nl\\\/wp-content\\\/uploads\\\/322083566_695247775480273_2157670980858113950_n1.jpg\",\"datePublished\":\"2023-01-03T15:02:30+00:00\",\"dateModified\":\"2023-10-23T10:37:36+00:00\",\"description\":\"Sprawd\u017a na jakie zmiany w przepisach dla przedsi\u0119biorc\u00f3w musi si\u0119 przygotowa\u0107 twoja firma w Holandii. Zobacz jakie zmiany przygotowa\u0142 niderlandzki rz\u0105d.\",\"breadcrumb\":{\"@id\":\"https:\\\/\\\/efaktura.nl\\\/pl\\\/zmiany-w-przepisach-dla-firm-w-holandii\\\/#breadcrumb\"},\"inLanguage\":\"pl-PL\",\"potentialAction\":[{\"@type\":\"ReadAction\",\"target\":[\"https:\\\/\\\/efaktura.nl\\\/pl\\\/zmiany-w-przepisach-dla-firm-w-holandii\\\/\"]}]},{\"@type\":\"ImageObject\",\"inLanguage\":\"pl-PL\",\"@id\":\"https:\\\/\\\/efaktura.nl\\\/pl\\\/zmiany-w-przepisach-dla-firm-w-holandii\\\/#primaryimage\",\"url\":\"https:\\\/\\\/efaktura.nl\\\/wp-content\\\/uploads\\\/322083566_695247775480273_2157670980858113950_n1.jpg\",\"contentUrl\":\"https:\\\/\\\/efaktura.nl\\\/wp-content\\\/uploads\\\/322083566_695247775480273_2157670980858113950_n1.jpg\",\"width\":900,\"height\":600,\"caption\":\"Firma w Holandii - zmiany w przepisach dla przedsi\u0119biorc\u00f3w\"},{\"@type\":\"BreadcrumbList\",\"@id\":\"https:\\\/\\\/efaktura.nl\\\/pl\\\/zmiany-w-przepisach-dla-firm-w-holandii\\\/#breadcrumb\",\"itemListElement\":[{\"@type\":\"ListItem\",\"position\":1,\"name\":\"Strona g\u0142\u00f3wna\",\"item\":\"https:\\\/\\\/efaktura.nl\\\/pl\\\/new-home\\\/\"},{\"@type\":\"ListItem\",\"position\":2,\"name\":\"Zmiany w przepisach dla firm w Holandii.\"}]},{\"@type\":\"WebSite\",\"@id\":\"https:\\\/\\\/efaktura.nl\\\/pl\\\/#website\",\"url\":\"https:\\\/\\\/efaktura.nl\\\/pl\\\/\",\"name\":\"eFaktura.nl\",\"description\":\"\",\"publisher\":{\"@id\":\"https:\\\/\\\/efaktura.nl\\\/pl\\\/#organization\"},\"potentialAction\":[{\"@type\":\"SearchAction\",\"target\":{\"@type\":\"EntryPoint\",\"urlTemplate\":\"https:\\\/\\\/efaktura.nl\\\/pl\\\/?s={search_term_string}\"},\"query-input\":{\"@type\":\"PropertyValueSpecification\",\"valueRequired\":true,\"valueName\":\"search_term_string\"}}],\"inLanguage\":\"pl-PL\"},{\"@type\":\"Organization\",\"@id\":\"https:\\\/\\\/efaktura.nl\\\/pl\\\/#organization\",\"name\":\"eFaktura\",\"url\":\"https:\\\/\\\/efaktura.nl\\\/pl\\\/\",\"logo\":{\"@type\":\"ImageObject\",\"inLanguage\":\"pl-PL\",\"@id\":\"https:\\\/\\\/efaktura.nl\\\/pl\\\/#\\\/schema\\\/logo\\\/image\\\/\",\"url\":\"https:\\\/\\\/efaktura.nl\\\/wp-content\\\/uploads\\\/logo-efaktura-25.svg\",\"contentUrl\":\"https:\\\/\\\/efaktura.nl\\\/wp-content\\\/uploads\\\/logo-efaktura-25.svg\",\"width\":264,\"height\":31,\"caption\":\"eFaktura\"},\"image\":{\"@id\":\"https:\\\/\\\/efaktura.nl\\\/pl\\\/#\\\/schema\\\/logo\\\/image\\\/\"},\"sameAs\":[\"https:\\\/\\\/www.facebook.com\\\/efaktura.nl\",\"https:\\\/\\\/www.instagram.com\\\/efaktura.eu\\\/\",\"https:\\\/\\\/www.youtube.com\\\/channel\\\/UCpx6sOnTCmDMkAG2QEyW9PA\"]},{\"@type\":\"Person\",\"@id\":\"https:\\\/\\\/efaktura.nl\\\/pl\\\/#\\\/schema\\\/person\\\/1b6361d5dcfd5eea37cf7f151ffc98cf\",\"name\":\"Natalia Tanalska\"}]}<\/script>\n<!-- \/ Yoast SEO plugin. -->","yoast_head_json":{"title":"Zmiany w przepisach dla firm w Holandii. - eFaktura.nl -","description":"Sprawd\u017a na jakie zmiany w przepisach dla przedsi\u0119biorc\u00f3w musi si\u0119 przygotowa\u0107 twoja firma w Holandii. Zobacz jakie zmiany przygotowa\u0142 niderlandzki rz\u0105d.","robots":{"index":"index","follow":"follow","max-snippet":"max-snippet:-1","max-image-preview":"max-image-preview:large","max-video-preview":"max-video-preview:-1"},"canonical":"https:\/\/efaktura.nl\/pl\/zmiany-w-przepisach-dla-firm-w-holandii\/","og_locale":"pl_PL","og_type":"article","og_title":"Zmiany w przepisach dla firm w Holandii. - eFaktura.nl -","og_description":"Sprawd\u017a na jakie zmiany w przepisach dla przedsi\u0119biorc\u00f3w musi si\u0119 przygotowa\u0107 twoja firma w Holandii. Zobacz jakie zmiany przygotowa\u0142 niderlandzki rz\u0105d.","og_url":"https:\/\/efaktura.nl\/pl\/zmiany-w-przepisach-dla-firm-w-holandii\/","og_site_name":"eFaktura.nl","article_publisher":"https:\/\/www.facebook.com\/efaktura.nl","article_published_time":"2023-01-03T15:02:30+00:00","article_modified_time":"2023-10-23T10:37:36+00:00","og_image":[{"width":900,"height":600,"url":"https:\/\/efaktura.nl\/wp-content\/uploads\/322083566_695247775480273_2157670980858113950_n1.jpg","type":"image\/jpeg"}],"author":"Natalia Tanalska","twitter_card":"summary_large_image","schema":{"@context":"https:\/\/schema.org","@graph":[{"@type":"Article","@id":"https:\/\/efaktura.nl\/pl\/zmiany-w-przepisach-dla-firm-w-holandii\/#article","isPartOf":{"@id":"https:\/\/efaktura.nl\/pl\/zmiany-w-przepisach-dla-firm-w-holandii\/"},"author":{"name":"Natalia Tanalska","@id":"https:\/\/efaktura.nl\/pl\/#\/schema\/person\/1b6361d5dcfd5eea37cf7f151ffc98cf"},"headline":"Zmiany w przepisach dla firm w Holandii.","datePublished":"2023-01-03T15:02:30+00:00","dateModified":"2023-10-23T10:37:36+00:00","mainEntityOfPage":{"@id":"https:\/\/efaktura.nl\/pl\/zmiany-w-przepisach-dla-firm-w-holandii\/"},"wordCount":718,"publisher":{"@id":"https:\/\/efaktura.nl\/pl\/#organization"},"image":{"@id":"https:\/\/efaktura.nl\/pl\/zmiany-w-przepisach-dla-firm-w-holandii\/#primaryimage"},"thumbnailUrl":"https:\/\/efaktura.nl\/wp-content\/uploads\/322083566_695247775480273_2157670980858113950_n1.jpg","articleSection":["Administracja","Firma w Holandii","Podatki"],"inLanguage":"pl-PL"},{"@type":"WebPage","@id":"https:\/\/efaktura.nl\/pl\/zmiany-w-przepisach-dla-firm-w-holandii\/","url":"https:\/\/efaktura.nl\/pl\/zmiany-w-przepisach-dla-firm-w-holandii\/","name":"Zmiany w przepisach dla firm w Holandii. - eFaktura.nl -","isPartOf":{"@id":"https:\/\/efaktura.nl\/pl\/#website"},"primaryImageOfPage":{"@id":"https:\/\/efaktura.nl\/pl\/zmiany-w-przepisach-dla-firm-w-holandii\/#primaryimage"},"image":{"@id":"https:\/\/efaktura.nl\/pl\/zmiany-w-przepisach-dla-firm-w-holandii\/#primaryimage"},"thumbnailUrl":"https:\/\/efaktura.nl\/wp-content\/uploads\/322083566_695247775480273_2157670980858113950_n1.jpg","datePublished":"2023-01-03T15:02:30+00:00","dateModified":"2023-10-23T10:37:36+00:00","description":"Sprawd\u017a na jakie zmiany w przepisach dla przedsi\u0119biorc\u00f3w musi si\u0119 przygotowa\u0107 twoja firma w Holandii. Zobacz jakie zmiany przygotowa\u0142 niderlandzki rz\u0105d.","breadcrumb":{"@id":"https:\/\/efaktura.nl\/pl\/zmiany-w-przepisach-dla-firm-w-holandii\/#breadcrumb"},"inLanguage":"pl-PL","potentialAction":[{"@type":"ReadAction","target":["https:\/\/efaktura.nl\/pl\/zmiany-w-przepisach-dla-firm-w-holandii\/"]}]},{"@type":"ImageObject","inLanguage":"pl-PL","@id":"https:\/\/efaktura.nl\/pl\/zmiany-w-przepisach-dla-firm-w-holandii\/#primaryimage","url":"https:\/\/efaktura.nl\/wp-content\/uploads\/322083566_695247775480273_2157670980858113950_n1.jpg","contentUrl":"https:\/\/efaktura.nl\/wp-content\/uploads\/322083566_695247775480273_2157670980858113950_n1.jpg","width":900,"height":600,"caption":"Firma w Holandii - zmiany w przepisach dla przedsi\u0119biorc\u00f3w"},{"@type":"BreadcrumbList","@id":"https:\/\/efaktura.nl\/pl\/zmiany-w-przepisach-dla-firm-w-holandii\/#breadcrumb","itemListElement":[{"@type":"ListItem","position":1,"name":"Strona g\u0142\u00f3wna","item":"https:\/\/efaktura.nl\/pl\/new-home\/"},{"@type":"ListItem","position":2,"name":"Zmiany w przepisach dla firm w Holandii."}]},{"@type":"WebSite","@id":"https:\/\/efaktura.nl\/pl\/#website","url":"https:\/\/efaktura.nl\/pl\/","name":"eFaktura.nl","description":"","publisher":{"@id":"https:\/\/efaktura.nl\/pl\/#organization"},"potentialAction":[{"@type":"SearchAction","target":{"@type":"EntryPoint","urlTemplate":"https:\/\/efaktura.nl\/pl\/?s={search_term_string}"},"query-input":{"@type":"PropertyValueSpecification","valueRequired":true,"valueName":"search_term_string"}}],"inLanguage":"pl-PL"},{"@type":"Organization","@id":"https:\/\/efaktura.nl\/pl\/#organization","name":"eFaktura","url":"https:\/\/efaktura.nl\/pl\/","logo":{"@type":"ImageObject","inLanguage":"pl-PL","@id":"https:\/\/efaktura.nl\/pl\/#\/schema\/logo\/image\/","url":"https:\/\/efaktura.nl\/wp-content\/uploads\/logo-efaktura-25.svg","contentUrl":"https:\/\/efaktura.nl\/wp-content\/uploads\/logo-efaktura-25.svg","width":264,"height":31,"caption":"eFaktura"},"image":{"@id":"https:\/\/efaktura.nl\/pl\/#\/schema\/logo\/image\/"},"sameAs":["https:\/\/www.facebook.com\/efaktura.nl","https:\/\/www.instagram.com\/efaktura.eu\/","https:\/\/www.youtube.com\/channel\/UCpx6sOnTCmDMkAG2QEyW9PA"]},{"@type":"Person","@id":"https:\/\/efaktura.nl\/pl\/#\/schema\/person\/1b6361d5dcfd5eea37cf7f151ffc98cf","name":"Natalia Tanalska"}]}},"_links":{"self":[{"href":"https:\/\/efaktura.nl\/pl\/wp-json\/wp\/v2\/posts\/18731","targetHints":{"allow":["GET"]}}],"collection":[{"href":"https:\/\/efaktura.nl\/pl\/wp-json\/wp\/v2\/posts"}],"about":[{"href":"https:\/\/efaktura.nl\/pl\/wp-json\/wp\/v2\/types\/post"}],"author":[{"embeddable":true,"href":"https:\/\/efaktura.nl\/pl\/wp-json\/wp\/v2\/users\/3"}],"replies":[{"embeddable":true,"href":"https:\/\/efaktura.nl\/pl\/wp-json\/wp\/v2\/comments?post=18731"}],"version-history":[{"count":0,"href":"https:\/\/efaktura.nl\/pl\/wp-json\/wp\/v2\/posts\/18731\/revisions"}],"wp:featuredmedia":[{"embeddable":true,"href":"https:\/\/efaktura.nl\/pl\/wp-json\/wp\/v2\/media\/18832"}],"wp:attachment":[{"href":"https:\/\/efaktura.nl\/pl\/wp-json\/wp\/v2\/media?parent=18731"}],"wp:term":[{"taxonomy":"category","embeddable":true,"href":"https:\/\/efaktura.nl\/pl\/wp-json\/wp\/v2\/categories?post=18731"},{"taxonomy":"post_tag","embeddable":true,"href":"https:\/\/efaktura.nl\/pl\/wp-json\/wp\/v2\/tags?post=18731"}],"curies":[{"name":"wp","href":"https:\/\/api.w.org\/{rel}","templated":true}]}}