{"id":18839,"date":"2023-06-01T13:10:52","date_gmt":"2023-06-01T11:10:52","guid":{"rendered":"http:\/\/efaktura.nl\/?p=18839"},"modified":"2023-10-23T11:38:45","modified_gmt":"2023-10-23T09:38:45","slug":"zmiany-w-platnosciach","status":"publish","type":"post","link":"https:\/\/efaktura.nl\/pl\/zmiany-w-platnosciach\/","title":{"rendered":"Zmiany w p\u0142atno\u015bciach"},"content":{"rendered":"\n<p class=\"wp-block-paragraph\">Mi\u0142o nam poinformowa\u0107 Ci\u0119, \u017ce od teraz eFaktura.nl ma nowego operatora p\u0142atno\u015bci.<\/p>\n\n\n\n<p class=\"wp-block-paragraph\">Dodano:<\/p>\n\n\n\n<h2 class=\"wp-block-heading\"><strong>Witaj w Mollie!<\/strong><\/h2>\n\n\n\n<h3 class=\"wp-block-heading\">Co ta zmiana oznacza dla Ciebie?<\/h3>\n\n\n\n<p class=\"wp-block-paragraph\">1. Mo\u017cesz samodzielnie zarz\u0105dza\u0107 swoimi p\u0142atno\u015bciami za program:<\/p>\n\n\n\n<ul class=\"wp-block-list\">\n<li>korzysta\u0107 z nowych metod p\u0142atno\u015bci,<\/li>\n\n\n\n<li>zmienia\u0107 numer konta bankowego.<\/li>\n<\/ul>\n\n\n\n<p class=\"wp-block-paragraph\">2. Faktury za program masz dost\u0119pne na swoim koncie eFaktura.nl.<\/p>\n\n\n\n<div style=\"height:25px\" aria-hidden=\"true\" class=\"wp-block-spacer\"><\/div>\n\n\n\n<h3 class=\"wp-block-heading\">Faktury za program \/ Metody p\u0142atno\u015bci \/ Zmiana numeru bankowego<\/h3>\n\n\n\n<div style=\"height:25px\" aria-hidden=\"true\" class=\"wp-block-spacer\"><\/div>\n\n\n\n<div class=\"wp-block-media-text is-stacked-on-mobile is-vertically-aligned-center\" style=\"grid-template-columns:40% auto\"><figure class=\"wp-block-media-text__media\"><img loading=\"lazy\" decoding=\"async\" width=\"1024\" height=\"1024\" src=\"https:\/\/efaktura.nl\/wp-content\/uploads\/Tylko-ksiegowy-potrafi-wystawic-fakture3-1024x1024.jpg\" alt=\"Abonamenty i faktury\" class=\"wp-image-20118 size-full\" srcset=\"https:\/\/efaktura.nl\/wp-content\/uploads\/Tylko-ksiegowy-potrafi-wystawic-fakture3-1024x1024.jpg 1024w, https:\/\/efaktura.nl\/wp-content\/uploads\/Tylko-ksiegowy-potrafi-wystawic-fakture3-300x300.jpg 300w, https:\/\/efaktura.nl\/wp-content\/uploads\/Tylko-ksiegowy-potrafi-wystawic-fakture3-150x150.jpg 150w, https:\/\/efaktura.nl\/wp-content\/uploads\/Tylko-ksiegowy-potrafi-wystawic-fakture3-768x768.jpg 768w, https:\/\/efaktura.nl\/wp-content\/uploads\/Tylko-ksiegowy-potrafi-wystawic-fakture3-980x980.jpg 980w, https:\/\/efaktura.nl\/wp-content\/uploads\/Tylko-ksiegowy-potrafi-wystawic-fakture3-480x480.jpg 480w, https:\/\/efaktura.nl\/wp-content\/uploads\/Tylko-ksiegowy-potrafi-wystawic-fakture3.jpg 1080w\" sizes=\"auto, (max-width: 1024px) 100vw, 1024px\" \/><\/figure><div class=\"wp-block-media-text__content\">\n<p class=\"wp-block-paragraph\"><strong>Faktury za program zawsze pod r\u0119k\u0105.*<\/strong><\/p>\n\n\n\n<p class=\"wp-block-paragraph\">Od teraz ka\u017cda kolejna faktura za korzystanie z systemu eFaktura.nl b\u0119dzie dost\u0119pna w programie, w zak\u0142adce USTAWIENIA &gt; ABONAMENT i FAKTURY &gt; FAKTURY ZA ABONAMENT.<\/p>\n\n\n\n<p class=\"wp-block-paragraph\">Opr\u00f3cz tego, jak do tej pory, dostaniesz faktur\u0119 r\u00f3wnie\u017c w osobnym mailu.<\/p>\n\n\n\n<p class=\"wp-block-paragraph\">* \u017beby faktury za program pojawia\u0142y si\u0119 w programie musisz przej\u015b\u0107 na Mollie, czyli dokona\u0107 jakiejkolwiek transakcji np. zmieniaj\u0105c metod\u0119 p\u0142atno\u015bci, b\u0105d\u017a numer konta bankowego.<\/p>\n<\/div><\/div>\n\n\n\n<div class=\"wp-block-media-text is-stacked-on-mobile is-vertically-aligned-center\" style=\"grid-template-columns:40% auto\"><figure class=\"wp-block-media-text__media\"><img loading=\"lazy\" decoding=\"async\" width=\"1024\" height=\"1024\" src=\"https:\/\/efaktura.nl\/wp-content\/uploads\/Tylko-ksiegowy-potrafi-wystawic-fakture-1024x1024.jpg\" alt=\"metody p\u0142atno\u015bci\" class=\"wp-image-20124 size-full\" srcset=\"https:\/\/efaktura.nl\/wp-content\/uploads\/Tylko-ksiegowy-potrafi-wystawic-fakture-1024x1024.jpg 1024w, https:\/\/efaktura.nl\/wp-content\/uploads\/Tylko-ksiegowy-potrafi-wystawic-fakture-300x300.jpg 300w, https:\/\/efaktura.nl\/wp-content\/uploads\/Tylko-ksiegowy-potrafi-wystawic-fakture-150x150.jpg 150w, https:\/\/efaktura.nl\/wp-content\/uploads\/Tylko-ksiegowy-potrafi-wystawic-fakture-768x768.jpg 768w, https:\/\/efaktura.nl\/wp-content\/uploads\/Tylko-ksiegowy-potrafi-wystawic-fakture-980x980.jpg 980w, https:\/\/efaktura.nl\/wp-content\/uploads\/Tylko-ksiegowy-potrafi-wystawic-fakture-480x480.jpg 480w, https:\/\/efaktura.nl\/wp-content\/uploads\/Tylko-ksiegowy-potrafi-wystawic-fakture.jpg 1080w\" sizes=\"auto, (max-width: 1024px) 100vw, 1024px\" \/><\/figure><div class=\"wp-block-media-text__content\">\n<p class=\"wp-block-paragraph\"><strong>Chcesz zmieni\u0107 numer konta bankowego?<\/strong><\/p>\n\n\n\n<p class=\"wp-block-paragraph\">N<span style=\"font-weight: 400;\">umer konta, na kt\u00f3ry klient p\u0142aci faktur\u0119 od Ciebie, a numer konta, z kt\u00f3rego p\u0142acisz za system nie musz\u0105 by\u0107 takie same. Od teraz sam mo\u017cesz zarz\u0105dza\u0107 tymi numerami.<\/span><\/p>\n\n\n\n<ul class=\"wp-block-list\">\n<li><span style=\"font-weight: 400;\">Przejd\u017a do zak\u0142adki USTAWIENIA.<\/span><\/li>\n\n\n\n<li><span style=\"font-weight: 400;\">W sekcji ABONAMENT I FAKTURY wybierz KARTA KREDYTOWA \/ DEBETOWA i wpisz numer konta, z kt\u00f3rego ma by\u0107 pobierana op\u0142ata za program.<\/span><\/li>\n<\/ul>\n\n\n\n<p class=\"wp-block-paragraph\"><span style=\"font-weight: 400;\">W sekcji USTAWIENIA > USTAWIENIA FAKTURY podaj numer konta, kt\u00f3re ma pojawia\u0107 si\u0119 na fakturach dla Twoich klient\u00f3w.<\/span><\/p>\n<\/div><\/div>\n\n\n\n<div class=\"wp-block-media-text is-stacked-on-mobile is-vertically-aligned-center\" style=\"grid-template-columns:40% auto\"><figure class=\"wp-block-media-text__media\"><img loading=\"lazy\" decoding=\"async\" width=\"510\" height=\"113\" src=\"https:\/\/efaktura.nl\/wp-content\/uploads\/Zrzut-ekranu-2023-04-26-145259.png\" alt=\"metody p\u0142atno\u015bci\" class=\"wp-image-20130 size-full\" srcset=\"https:\/\/efaktura.nl\/wp-content\/uploads\/Zrzut-ekranu-2023-04-26-145259.png 510w, https:\/\/efaktura.nl\/wp-content\/uploads\/Zrzut-ekranu-2023-04-26-145259-300x66.png 300w, https:\/\/efaktura.nl\/wp-content\/uploads\/Zrzut-ekranu-2023-04-26-145259-480x106.png 480w\" sizes=\"auto, (max-width: 510px) 100vw, 510px\" \/><\/figure><div class=\"wp-block-media-text__content\">\n<p class=\"wp-block-paragraph\"><strong>Zmiana metody p\u0142atno\u015bci. <\/strong><\/p>\n\n\n\n<p class=\"wp-block-paragraph\"><span style=\"font-weight: 400;\">Od teraz w dowolnym momencie mo\u017cesz zmieni\u0107 metod\u0119 p\u0142atno\u015bci w zak\u0142adce USTAWIENIA &gt; ABONAMENT i FAKTURY &gt; METODA P\u0141ATNO\u015aCI<\/span><\/p>\n<\/div><\/div>\n\n\n\n<p class=\"wp-block-paragraph\"><br>Do wyboru masz jedn\u0105 z czterech opcji:<\/p>\n\n\n\n<ol class=\"wp-block-list\">\n<li>Karta kredytowa \/ debetowa<\/li>\n\n\n\n<li>iDeal<\/li>\n\n\n\n<li>Bancontact<\/li>\n\n\n\n<li>Apple Pay (za po\u015brednictwem przegl\u0105darki Safari)<\/li>\n<\/ol>\n\n\n\n<p class=\"wp-block-paragraph\">Wa\u017cna i dobra zmiana dla u\u017cytkownik\u00f3w korzystaj\u0105cych z polskiej bankowo\u015bci, to mo\u017cliwo\u015b\u0107 wygodnych p\u0142atno\u015bci za po\u015brednictwem karty debetowej.<\/p>\n\n\n\n<p class=\"wp-block-paragraph\">Za ka\u017cd\u0105 zmian\u0119 numeru oraz zmian\u0119 metody p\u0142atno\u015bci z Twojego konta zostanie pobrana op\u0142ata administracyjna w wysoko\u015bci 0,79\u20ac+BTW.<\/p>\n\n\n\n<hr class=\"wp-block-separator has-text-color has-alpha-channel-opacity has-background is-style-wide\" style=\"background-color:#f2f2f2;color:#f2f2f2\"\/>\n\n\n\n<div style=\"height:25px\" aria-hidden=\"true\" class=\"wp-block-spacer\"><\/div>\n\n\n\n<h3 class=\"wp-block-heading\">Spodziewaj si\u0119 wi\u0119cej!<\/h3>\n\n\n\n<p class=\"wp-block-paragraph\">Zmiany, kt\u00f3re wprowadzili\u015bmy s\u0105 odpowiedzi\u0105 na cz\u0119ste pro\u015bby u\u017cytkownik\u00f3w programu, ale to nie koniec dobrego! Wkr\u00f3tce wr\u00f3cimy do Ciebie z kolejnymi nowo\u015bciami.<\/p>\n","protected":false},"excerpt":{"rendered":"<p>Mi\u0142o nam poinformowa\u0107 Ci\u0119, \u017ce od teraz eFaktura.nl ma nowego operatora p\u0142atno\u015bci.<\/p>\n","protected":false},"author":3,"featured_media":20109,"comment_status":"closed","ping_status":"closed","sticky":false,"template":"","format":"standard","meta":{"_acf_changed":false,"_crdt_document":"","inline_featured_image":false,"footnotes":""},"categories":[63],"tags":[62],"class_list":["post-18839","post","type-post","status-publish","format-standard","has-post-thumbnail","hentry","category-systemowe","tag-pokaz-w-systemie"],"acf":[],"yoast_head":"<!-- This site is optimized with the Yoast SEO plugin v27.4 - https:\/\/yoast.com\/product\/yoast-seo-wordpress\/ -->\n<title>Zmiany w p\u0142atno\u015bciach - eFaktura.nl<\/title>\n<meta name=\"description\" content=\"Mi\u0142o nam poinformowa\u0107 Ci\u0119, \u017ce od teraz eFaktura.nl ma nowego operatora p\u0142atno\u015bci. Poznaj nowe metody p\u0142atno\u015bci w eFaktura.nl.\" \/>\n<meta name=\"robots\" content=\"index, follow, max-snippet:-1, max-image-preview:large, max-video-preview:-1\" \/>\n<link rel=\"canonical\" href=\"https:\/\/efaktura.nl\/pl\/zmiany-w-platnosciach\/\" \/>\n<meta property=\"og:locale\" content=\"pl_PL\" \/>\n<meta property=\"og:type\" content=\"article\" \/>\n<meta property=\"og:title\" content=\"Zmiany w p\u0142atno\u015bciach - eFaktura.nl\" \/>\n<meta property=\"og:description\" content=\"Mi\u0142o nam poinformowa\u0107 Ci\u0119, \u017ce od teraz eFaktura.nl ma nowego operatora p\u0142atno\u015bci. Poznaj nowe metody p\u0142atno\u015bci w eFaktura.nl.\" \/>\n<meta property=\"og:url\" content=\"https:\/\/efaktura.nl\/pl\/zmiany-w-platnosciach\/\" \/>\n<meta property=\"og:site_name\" content=\"eFaktura.nl\" \/>\n<meta property=\"article:publisher\" content=\"https:\/\/www.facebook.com\/efaktura.nl\" \/>\n<meta property=\"article:published_time\" content=\"2023-06-01T11:10:52+00:00\" \/>\n<meta property=\"article:modified_time\" content=\"2023-10-23T09:38:45+00:00\" \/>\n<meta property=\"og:image\" content=\"https:\/\/efaktura.nl\/wp-content\/uploads\/metody-platnosci-copy1.jpg\" \/>\n\t<meta property=\"og:image:width\" content=\"900\" \/>\n\t<meta property=\"og:image:height\" content=\"600\" \/>\n\t<meta property=\"og:image:type\" content=\"image\/jpeg\" \/>\n<meta name=\"author\" content=\"Natalia Tanalska\" \/>\n<meta name=\"twitter:card\" content=\"summary_large_image\" \/>\n<script type=\"application\/ld+json\" class=\"yoast-schema-graph\">{\"@context\":\"https:\\\/\\\/schema.org\",\"@graph\":[{\"@type\":\"Article\",\"@id\":\"https:\\\/\\\/efaktura.nl\\\/pl\\\/zmiany-w-platnosciach\\\/#article\",\"isPartOf\":{\"@id\":\"https:\\\/\\\/efaktura.nl\\\/pl\\\/zmiany-w-platnosciach\\\/\"},\"author\":{\"name\":\"Natalia Tanalska\",\"@id\":\"https:\\\/\\\/efaktura.nl\\\/pl\\\/#\\\/schema\\\/person\\\/1b6361d5dcfd5eea37cf7f151ffc98cf\"},\"headline\":\"Zmiany w p\u0142atno\u015bciach\",\"datePublished\":\"2023-06-01T11:10:52+00:00\",\"dateModified\":\"2023-10-23T09:38:45+00:00\",\"mainEntityOfPage\":{\"@id\":\"https:\\\/\\\/efaktura.nl\\\/pl\\\/zmiany-w-platnosciach\\\/\"},\"wordCount\":376,\"publisher\":{\"@id\":\"https:\\\/\\\/efaktura.nl\\\/pl\\\/#organization\"},\"image\":{\"@id\":\"https:\\\/\\\/efaktura.nl\\\/pl\\\/zmiany-w-platnosciach\\\/#primaryimage\"},\"thumbnailUrl\":\"https:\\\/\\\/efaktura.nl\\\/wp-content\\\/uploads\\\/metody-platnosci-copy1.jpg\",\"keywords\":[\"poka\u017c-w-systemie\"],\"articleSection\":[\"Systemowe\"],\"inLanguage\":\"pl-PL\"},{\"@type\":\"WebPage\",\"@id\":\"https:\\\/\\\/efaktura.nl\\\/pl\\\/zmiany-w-platnosciach\\\/\",\"url\":\"https:\\\/\\\/efaktura.nl\\\/pl\\\/zmiany-w-platnosciach\\\/\",\"name\":\"Zmiany w p\u0142atno\u015bciach - eFaktura.nl\",\"isPartOf\":{\"@id\":\"https:\\\/\\\/efaktura.nl\\\/pl\\\/#website\"},\"primaryImageOfPage\":{\"@id\":\"https:\\\/\\\/efaktura.nl\\\/pl\\\/zmiany-w-platnosciach\\\/#primaryimage\"},\"image\":{\"@id\":\"https:\\\/\\\/efaktura.nl\\\/pl\\\/zmiany-w-platnosciach\\\/#primaryimage\"},\"thumbnailUrl\":\"https:\\\/\\\/efaktura.nl\\\/wp-content\\\/uploads\\\/metody-platnosci-copy1.jpg\",\"datePublished\":\"2023-06-01T11:10:52+00:00\",\"dateModified\":\"2023-10-23T09:38:45+00:00\",\"description\":\"Mi\u0142o nam poinformowa\u0107 Ci\u0119, \u017ce od teraz eFaktura.nl ma nowego operatora p\u0142atno\u015bci. Poznaj nowe metody p\u0142atno\u015bci w eFaktura.nl.\",\"breadcrumb\":{\"@id\":\"https:\\\/\\\/efaktura.nl\\\/pl\\\/zmiany-w-platnosciach\\\/#breadcrumb\"},\"inLanguage\":\"pl-PL\",\"potentialAction\":[{\"@type\":\"ReadAction\",\"target\":[\"https:\\\/\\\/efaktura.nl\\\/pl\\\/zmiany-w-platnosciach\\\/\"]}]},{\"@type\":\"ImageObject\",\"inLanguage\":\"pl-PL\",\"@id\":\"https:\\\/\\\/efaktura.nl\\\/pl\\\/zmiany-w-platnosciach\\\/#primaryimage\",\"url\":\"https:\\\/\\\/efaktura.nl\\\/wp-content\\\/uploads\\\/metody-platnosci-copy1.jpg\",\"contentUrl\":\"https:\\\/\\\/efaktura.nl\\\/wp-content\\\/uploads\\\/metody-platnosci-copy1.jpg\",\"width\":900,\"height\":600,\"caption\":\"metody p\u0142atno\u015bci\"},{\"@type\":\"BreadcrumbList\",\"@id\":\"https:\\\/\\\/efaktura.nl\\\/pl\\\/zmiany-w-platnosciach\\\/#breadcrumb\",\"itemListElement\":[{\"@type\":\"ListItem\",\"position\":1,\"name\":\"Strona g\u0142\u00f3wna\",\"item\":\"https:\\\/\\\/efaktura.nl\\\/pl\\\/new-home\\\/\"},{\"@type\":\"ListItem\",\"position\":2,\"name\":\"Zmiany w p\u0142atno\u015bciach\"}]},{\"@type\":\"WebSite\",\"@id\":\"https:\\\/\\\/efaktura.nl\\\/pl\\\/#website\",\"url\":\"https:\\\/\\\/efaktura.nl\\\/pl\\\/\",\"name\":\"eFaktura.nl\",\"description\":\"\",\"publisher\":{\"@id\":\"https:\\\/\\\/efaktura.nl\\\/pl\\\/#organization\"},\"potentialAction\":[{\"@type\":\"SearchAction\",\"target\":{\"@type\":\"EntryPoint\",\"urlTemplate\":\"https:\\\/\\\/efaktura.nl\\\/pl\\\/?s={search_term_string}\"},\"query-input\":{\"@type\":\"PropertyValueSpecification\",\"valueRequired\":true,\"valueName\":\"search_term_string\"}}],\"inLanguage\":\"pl-PL\"},{\"@type\":\"Organization\",\"@id\":\"https:\\\/\\\/efaktura.nl\\\/pl\\\/#organization\",\"name\":\"eFaktura\",\"url\":\"https:\\\/\\\/efaktura.nl\\\/pl\\\/\",\"logo\":{\"@type\":\"ImageObject\",\"inLanguage\":\"pl-PL\",\"@id\":\"https:\\\/\\\/efaktura.nl\\\/pl\\\/#\\\/schema\\\/logo\\\/image\\\/\",\"url\":\"https:\\\/\\\/efaktura.nl\\\/wp-content\\\/uploads\\\/logo-efaktura-25.svg\",\"contentUrl\":\"https:\\\/\\\/efaktura.nl\\\/wp-content\\\/uploads\\\/logo-efaktura-25.svg\",\"width\":264,\"height\":31,\"caption\":\"eFaktura\"},\"image\":{\"@id\":\"https:\\\/\\\/efaktura.nl\\\/pl\\\/#\\\/schema\\\/logo\\\/image\\\/\"},\"sameAs\":[\"https:\\\/\\\/www.facebook.com\\\/efaktura.nl\",\"https:\\\/\\\/www.instagram.com\\\/efaktura.eu\\\/\",\"https:\\\/\\\/www.youtube.com\\\/channel\\\/UCpx6sOnTCmDMkAG2QEyW9PA\"]},{\"@type\":\"Person\",\"@id\":\"https:\\\/\\\/efaktura.nl\\\/pl\\\/#\\\/schema\\\/person\\\/1b6361d5dcfd5eea37cf7f151ffc98cf\",\"name\":\"Natalia Tanalska\"}]}<\/script>\n<!-- \/ Yoast SEO plugin. -->","yoast_head_json":{"title":"Zmiany w p\u0142atno\u015bciach - eFaktura.nl","description":"Mi\u0142o nam poinformowa\u0107 Ci\u0119, \u017ce od teraz eFaktura.nl ma nowego operatora p\u0142atno\u015bci. Poznaj nowe metody p\u0142atno\u015bci w eFaktura.nl.","robots":{"index":"index","follow":"follow","max-snippet":"max-snippet:-1","max-image-preview":"max-image-preview:large","max-video-preview":"max-video-preview:-1"},"canonical":"https:\/\/efaktura.nl\/pl\/zmiany-w-platnosciach\/","og_locale":"pl_PL","og_type":"article","og_title":"Zmiany w p\u0142atno\u015bciach - eFaktura.nl","og_description":"Mi\u0142o nam poinformowa\u0107 Ci\u0119, \u017ce od teraz eFaktura.nl ma nowego operatora p\u0142atno\u015bci. Poznaj nowe metody p\u0142atno\u015bci w eFaktura.nl.","og_url":"https:\/\/efaktura.nl\/pl\/zmiany-w-platnosciach\/","og_site_name":"eFaktura.nl","article_publisher":"https:\/\/www.facebook.com\/efaktura.nl","article_published_time":"2023-06-01T11:10:52+00:00","article_modified_time":"2023-10-23T09:38:45+00:00","og_image":[{"width":900,"height":600,"url":"https:\/\/efaktura.nl\/wp-content\/uploads\/metody-platnosci-copy1.jpg","type":"image\/jpeg"}],"author":"Natalia Tanalska","twitter_card":"summary_large_image","schema":{"@context":"https:\/\/schema.org","@graph":[{"@type":"Article","@id":"https:\/\/efaktura.nl\/pl\/zmiany-w-platnosciach\/#article","isPartOf":{"@id":"https:\/\/efaktura.nl\/pl\/zmiany-w-platnosciach\/"},"author":{"name":"Natalia Tanalska","@id":"https:\/\/efaktura.nl\/pl\/#\/schema\/person\/1b6361d5dcfd5eea37cf7f151ffc98cf"},"headline":"Zmiany w p\u0142atno\u015bciach","datePublished":"2023-06-01T11:10:52+00:00","dateModified":"2023-10-23T09:38:45+00:00","mainEntityOfPage":{"@id":"https:\/\/efaktura.nl\/pl\/zmiany-w-platnosciach\/"},"wordCount":376,"publisher":{"@id":"https:\/\/efaktura.nl\/pl\/#organization"},"image":{"@id":"https:\/\/efaktura.nl\/pl\/zmiany-w-platnosciach\/#primaryimage"},"thumbnailUrl":"https:\/\/efaktura.nl\/wp-content\/uploads\/metody-platnosci-copy1.jpg","keywords":["poka\u017c-w-systemie"],"articleSection":["Systemowe"],"inLanguage":"pl-PL"},{"@type":"WebPage","@id":"https:\/\/efaktura.nl\/pl\/zmiany-w-platnosciach\/","url":"https:\/\/efaktura.nl\/pl\/zmiany-w-platnosciach\/","name":"Zmiany w p\u0142atno\u015bciach - eFaktura.nl","isPartOf":{"@id":"https:\/\/efaktura.nl\/pl\/#website"},"primaryImageOfPage":{"@id":"https:\/\/efaktura.nl\/pl\/zmiany-w-platnosciach\/#primaryimage"},"image":{"@id":"https:\/\/efaktura.nl\/pl\/zmiany-w-platnosciach\/#primaryimage"},"thumbnailUrl":"https:\/\/efaktura.nl\/wp-content\/uploads\/metody-platnosci-copy1.jpg","datePublished":"2023-06-01T11:10:52+00:00","dateModified":"2023-10-23T09:38:45+00:00","description":"Mi\u0142o nam poinformowa\u0107 Ci\u0119, \u017ce od teraz eFaktura.nl ma nowego operatora p\u0142atno\u015bci. Poznaj nowe metody p\u0142atno\u015bci w eFaktura.nl.","breadcrumb":{"@id":"https:\/\/efaktura.nl\/pl\/zmiany-w-platnosciach\/#breadcrumb"},"inLanguage":"pl-PL","potentialAction":[{"@type":"ReadAction","target":["https:\/\/efaktura.nl\/pl\/zmiany-w-platnosciach\/"]}]},{"@type":"ImageObject","inLanguage":"pl-PL","@id":"https:\/\/efaktura.nl\/pl\/zmiany-w-platnosciach\/#primaryimage","url":"https:\/\/efaktura.nl\/wp-content\/uploads\/metody-platnosci-copy1.jpg","contentUrl":"https:\/\/efaktura.nl\/wp-content\/uploads\/metody-platnosci-copy1.jpg","width":900,"height":600,"caption":"metody p\u0142atno\u015bci"},{"@type":"BreadcrumbList","@id":"https:\/\/efaktura.nl\/pl\/zmiany-w-platnosciach\/#breadcrumb","itemListElement":[{"@type":"ListItem","position":1,"name":"Strona g\u0142\u00f3wna","item":"https:\/\/efaktura.nl\/pl\/new-home\/"},{"@type":"ListItem","position":2,"name":"Zmiany w p\u0142atno\u015bciach"}]},{"@type":"WebSite","@id":"https:\/\/efaktura.nl\/pl\/#website","url":"https:\/\/efaktura.nl\/pl\/","name":"eFaktura.nl","description":"","publisher":{"@id":"https:\/\/efaktura.nl\/pl\/#organization"},"potentialAction":[{"@type":"SearchAction","target":{"@type":"EntryPoint","urlTemplate":"https:\/\/efaktura.nl\/pl\/?s={search_term_string}"},"query-input":{"@type":"PropertyValueSpecification","valueRequired":true,"valueName":"search_term_string"}}],"inLanguage":"pl-PL"},{"@type":"Organization","@id":"https:\/\/efaktura.nl\/pl\/#organization","name":"eFaktura","url":"https:\/\/efaktura.nl\/pl\/","logo":{"@type":"ImageObject","inLanguage":"pl-PL","@id":"https:\/\/efaktura.nl\/pl\/#\/schema\/logo\/image\/","url":"https:\/\/efaktura.nl\/wp-content\/uploads\/logo-efaktura-25.svg","contentUrl":"https:\/\/efaktura.nl\/wp-content\/uploads\/logo-efaktura-25.svg","width":264,"height":31,"caption":"eFaktura"},"image":{"@id":"https:\/\/efaktura.nl\/pl\/#\/schema\/logo\/image\/"},"sameAs":["https:\/\/www.facebook.com\/efaktura.nl","https:\/\/www.instagram.com\/efaktura.eu\/","https:\/\/www.youtube.com\/channel\/UCpx6sOnTCmDMkAG2QEyW9PA"]},{"@type":"Person","@id":"https:\/\/efaktura.nl\/pl\/#\/schema\/person\/1b6361d5dcfd5eea37cf7f151ffc98cf","name":"Natalia Tanalska"}]}},"_links":{"self":[{"href":"https:\/\/efaktura.nl\/pl\/wp-json\/wp\/v2\/posts\/18839","targetHints":{"allow":["GET"]}}],"collection":[{"href":"https:\/\/efaktura.nl\/pl\/wp-json\/wp\/v2\/posts"}],"about":[{"href":"https:\/\/efaktura.nl\/pl\/wp-json\/wp\/v2\/types\/post"}],"author":[{"embeddable":true,"href":"https:\/\/efaktura.nl\/pl\/wp-json\/wp\/v2\/users\/3"}],"replies":[{"embeddable":true,"href":"https:\/\/efaktura.nl\/pl\/wp-json\/wp\/v2\/comments?post=18839"}],"version-history":[{"count":0,"href":"https:\/\/efaktura.nl\/pl\/wp-json\/wp\/v2\/posts\/18839\/revisions"}],"wp:featuredmedia":[{"embeddable":true,"href":"https:\/\/efaktura.nl\/pl\/wp-json\/wp\/v2\/media\/20109"}],"wp:attachment":[{"href":"https:\/\/efaktura.nl\/pl\/wp-json\/wp\/v2\/media?parent=18839"}],"wp:term":[{"taxonomy":"category","embeddable":true,"href":"https:\/\/efaktura.nl\/pl\/wp-json\/wp\/v2\/categories?post=18839"},{"taxonomy":"post_tag","embeddable":true,"href":"https:\/\/efaktura.nl\/pl\/wp-json\/wp\/v2\/tags?post=18839"}],"curies":[{"name":"wp","href":"https:\/\/api.w.org\/{rel}","templated":true}]}}