{"id":20319,"date":"2023-05-25T12:23:02","date_gmt":"2023-05-25T10:23:02","guid":{"rendered":"http:\/\/efaktura.nl\/?p=20319"},"modified":"2023-10-23T11:40:14","modified_gmt":"2023-10-23T09:40:14","slug":"nowy-komunikator-w-systemie","status":"publish","type":"post","link":"https:\/\/efaktura.nl\/pl\/nowy-komunikator-w-systemie\/","title":{"rendered":"Nowy komunikator w systemie"},"content":{"rendered":"\n<p class=\"wp-block-paragraph\"><span style=\"font-weight: 400;\">Dla nas dobry kontakt to priorytet, dlatego wprowadzamy nowo\u015b\u0107: nowy komunikator w programie i na stronie eFaktura.nl&nbsp;<\/span><\/p>\n\n\n\n<h2 class=\"wp-block-heading\">Tu znajdziesz pomoc.<\/h2>\n\n\n\n<p class=\"wp-block-paragraph\">Je\u015bli potrzebujesz wsparcia w czasie u\u017cywania aplikacji, skorzystaj z okienka czatu &#8211; gwarantujemy, \u017ce Twoje pytanie trafi do odpowiedniej osoby i postaramy si\u0119, \u017ceby\u015b szybko dosta\u0142 odpowied\u017a.\u00a0 Maksymalny czas oczekiwania na odpowied\u017a to dwa dni robocze.<\/p>\n\n\n\n<div class=\"wp-block-media-text is-stacked-on-mobile\" style=\"grid-template-columns:40% auto\"><figure class=\"wp-block-media-text__media\"><img loading=\"lazy\" decoding=\"async\" width=\"1024\" height=\"1024\" src=\"https:\/\/efaktura.nl\/wp-content\/uploads\/Tylko-ksiegowy-potrafi-wystawic-fakture18-1024x1024.jpg\" alt=\"komunikator\" class=\"wp-image-20363 size-full\" srcset=\"https:\/\/efaktura.nl\/wp-content\/uploads\/Tylko-ksiegowy-potrafi-wystawic-fakture18-1024x1024.jpg 1024w, https:\/\/efaktura.nl\/wp-content\/uploads\/Tylko-ksiegowy-potrafi-wystawic-fakture18-300x300.jpg 300w, https:\/\/efaktura.nl\/wp-content\/uploads\/Tylko-ksiegowy-potrafi-wystawic-fakture18-150x150.jpg 150w, https:\/\/efaktura.nl\/wp-content\/uploads\/Tylko-ksiegowy-potrafi-wystawic-fakture18-768x768.jpg 768w, https:\/\/efaktura.nl\/wp-content\/uploads\/Tylko-ksiegowy-potrafi-wystawic-fakture18-980x980.jpg 980w, https:\/\/efaktura.nl\/wp-content\/uploads\/Tylko-ksiegowy-potrafi-wystawic-fakture18-480x480.jpg 480w, https:\/\/efaktura.nl\/wp-content\/uploads\/Tylko-ksiegowy-potrafi-wystawic-fakture18.jpg 1080w\" sizes=\"auto, (max-width: 1024px) 100vw, 1024px\" \/><\/figure><div class=\"wp-block-media-text__content\">\n<h4 class=\"wp-block-heading\"><strong>Jak dzia\u0142a nowy komunikator eFaktura.nl?<\/strong><\/h4>\n\n\n\n<p class=\"wp-block-paragraph\">Nasza rozmowa zapisze si\u0119 w oknie czatu, w zak\u0142adce WIADOMO\u015aCI\u201d u do\u0142u okna do korespondencji, mo\u017cesz zawsze do niej wr\u00f3ci\u0107.<\/p>\n\n\n\n<p class=\"wp-block-paragraph\">Powiadomienie o statusie swojego zapytania otrzymasz r\u00f3wnie\u017c w formie maila na adres, na kt\u00f3ry zarejestrowa\u0142e\u015b swoje konto w eFaktura.nl.<\/p>\n<\/div><\/div>\n\n\n\n<h2 class=\"wp-block-heading\">To nie tylko okienko czatu!<\/h2>\n\n\n\n<p class=\"wp-block-paragraph\">Mo\u017cesz spodziewa\u0107 si\u0119, \u017ce nied\u0142ugo na Twoje pytanie dostaniesz dopasowane podpowiedzi z instrukcjami i wskaz\u00f3wkami. Pracujemy nad tym, \u017ceby w pe\u0142ni wykorzysta\u0107 mo\u017cliwo\u015bci, jakie daje nasz nowy komunikator z nadziej\u0105, \u017ce b\u0119dzie Ci z nami jeszcze lepiej.<\/p>\n","protected":false},"excerpt":{"rendered":"<p>Nowy komunikator do kontaktu z nami teraz te\u017c w aplikacji.<\/p>\n","protected":false},"author":3,"featured_media":20329,"comment_status":"closed","ping_status":"closed","sticky":false,"template":"","format":"standard","meta":{"_acf_changed":false,"_crdt_document":"","inline_featured_image":false,"footnotes":""},"categories":[63],"tags":[62],"class_list":["post-20319","post","type-post","status-publish","format-standard","has-post-thumbnail","hentry","category-systemowe","tag-pokaz-w-systemie"],"acf":[],"yoast_head":"<!-- This site is optimized with the Yoast SEO plugin v27.4 - https:\/\/yoast.com\/product\/yoast-seo-wordpress\/ -->\n<title>Nowy komunikator w systemie - eFaktura.nl<\/title>\n<meta name=\"description\" content=\"Upro\u015b\u0107my sobie kontakt! Je\u015bli masz pytanie napisz do nas w nowym komunikatorze w systemie oraz na na stronie eFaktura.nl.\" \/>\n<meta name=\"robots\" content=\"index, follow, max-snippet:-1, max-image-preview:large, max-video-preview:-1\" \/>\n<link rel=\"canonical\" href=\"https:\/\/efaktura.nl\/pl\/nowy-komunikator-w-systemie\/\" \/>\n<meta property=\"og:locale\" content=\"pl_PL\" \/>\n<meta property=\"og:type\" content=\"article\" \/>\n<meta property=\"og:title\" content=\"Nowy komunikator w systemie - eFaktura.nl\" \/>\n<meta property=\"og:description\" content=\"Upro\u015b\u0107my sobie kontakt! Je\u015bli masz pytanie napisz do nas w nowym komunikatorze w systemie oraz na na stronie eFaktura.nl.\" \/>\n<meta property=\"og:url\" content=\"https:\/\/efaktura.nl\/pl\/nowy-komunikator-w-systemie\/\" \/>\n<meta property=\"og:site_name\" content=\"eFaktura.nl\" \/>\n<meta property=\"article:publisher\" content=\"https:\/\/www.facebook.com\/efaktura.nl\" \/>\n<meta property=\"article:published_time\" content=\"2023-05-25T10:23:02+00:00\" \/>\n<meta property=\"article:modified_time\" content=\"2023-10-23T09:40:14+00:00\" \/>\n<meta property=\"og:image\" content=\"https:\/\/efaktura.nl\/wp-content\/uploads\/348386900_1176414469692310_8114183764230215152_n1.png\" \/>\n\t<meta property=\"og:image:width\" content=\"900\" \/>\n\t<meta property=\"og:image:height\" content=\"600\" \/>\n\t<meta property=\"og:image:type\" content=\"image\/png\" \/>\n<meta name=\"author\" content=\"Natalia Tanalska\" \/>\n<meta name=\"twitter:card\" content=\"summary_large_image\" \/>\n<script type=\"application\/ld+json\" class=\"yoast-schema-graph\">{\"@context\":\"https:\\\/\\\/schema.org\",\"@graph\":[{\"@type\":\"Article\",\"@id\":\"https:\\\/\\\/efaktura.nl\\\/pl\\\/nowy-komunikator-w-systemie\\\/#article\",\"isPartOf\":{\"@id\":\"https:\\\/\\\/efaktura.nl\\\/pl\\\/nowy-komunikator-w-systemie\\\/\"},\"author\":{\"name\":\"Natalia Tanalska\",\"@id\":\"https:\\\/\\\/efaktura.nl\\\/pl\\\/#\\\/schema\\\/person\\\/1b6361d5dcfd5eea37cf7f151ffc98cf\"},\"headline\":\"Nowy komunikator w systemie\",\"datePublished\":\"2023-05-25T10:23:02+00:00\",\"dateModified\":\"2023-10-23T09:40:14+00:00\",\"mainEntityOfPage\":{\"@id\":\"https:\\\/\\\/efaktura.nl\\\/pl\\\/nowy-komunikator-w-systemie\\\/\"},\"wordCount\":168,\"publisher\":{\"@id\":\"https:\\\/\\\/efaktura.nl\\\/pl\\\/#organization\"},\"image\":{\"@id\":\"https:\\\/\\\/efaktura.nl\\\/pl\\\/nowy-komunikator-w-systemie\\\/#primaryimage\"},\"thumbnailUrl\":\"https:\\\/\\\/efaktura.nl\\\/wp-content\\\/uploads\\\/348386900_1176414469692310_8114183764230215152_n1.png\",\"keywords\":[\"poka\u017c-w-systemie\"],\"articleSection\":[\"Systemowe\"],\"inLanguage\":\"pl-PL\"},{\"@type\":\"WebPage\",\"@id\":\"https:\\\/\\\/efaktura.nl\\\/pl\\\/nowy-komunikator-w-systemie\\\/\",\"url\":\"https:\\\/\\\/efaktura.nl\\\/pl\\\/nowy-komunikator-w-systemie\\\/\",\"name\":\"Nowy komunikator w systemie - eFaktura.nl\",\"isPartOf\":{\"@id\":\"https:\\\/\\\/efaktura.nl\\\/pl\\\/#website\"},\"primaryImageOfPage\":{\"@id\":\"https:\\\/\\\/efaktura.nl\\\/pl\\\/nowy-komunikator-w-systemie\\\/#primaryimage\"},\"image\":{\"@id\":\"https:\\\/\\\/efaktura.nl\\\/pl\\\/nowy-komunikator-w-systemie\\\/#primaryimage\"},\"thumbnailUrl\":\"https:\\\/\\\/efaktura.nl\\\/wp-content\\\/uploads\\\/348386900_1176414469692310_8114183764230215152_n1.png\",\"datePublished\":\"2023-05-25T10:23:02+00:00\",\"dateModified\":\"2023-10-23T09:40:14+00:00\",\"description\":\"Upro\u015b\u0107my sobie kontakt! Je\u015bli masz pytanie napisz do nas w nowym komunikatorze w systemie oraz na na stronie eFaktura.nl.\",\"breadcrumb\":{\"@id\":\"https:\\\/\\\/efaktura.nl\\\/pl\\\/nowy-komunikator-w-systemie\\\/#breadcrumb\"},\"inLanguage\":\"pl-PL\",\"potentialAction\":[{\"@type\":\"ReadAction\",\"target\":[\"https:\\\/\\\/efaktura.nl\\\/pl\\\/nowy-komunikator-w-systemie\\\/\"]}]},{\"@type\":\"ImageObject\",\"inLanguage\":\"pl-PL\",\"@id\":\"https:\\\/\\\/efaktura.nl\\\/pl\\\/nowy-komunikator-w-systemie\\\/#primaryimage\",\"url\":\"https:\\\/\\\/efaktura.nl\\\/wp-content\\\/uploads\\\/348386900_1176414469692310_8114183764230215152_n1.png\",\"contentUrl\":\"https:\\\/\\\/efaktura.nl\\\/wp-content\\\/uploads\\\/348386900_1176414469692310_8114183764230215152_n1.png\",\"width\":900,\"height\":600,\"caption\":\"obs\u0142uga klienta\"},{\"@type\":\"BreadcrumbList\",\"@id\":\"https:\\\/\\\/efaktura.nl\\\/pl\\\/nowy-komunikator-w-systemie\\\/#breadcrumb\",\"itemListElement\":[{\"@type\":\"ListItem\",\"position\":1,\"name\":\"Strona g\u0142\u00f3wna\",\"item\":\"https:\\\/\\\/efaktura.nl\\\/pl\\\/new-home\\\/\"},{\"@type\":\"ListItem\",\"position\":2,\"name\":\"Nowy komunikator w systemie\"}]},{\"@type\":\"WebSite\",\"@id\":\"https:\\\/\\\/efaktura.nl\\\/pl\\\/#website\",\"url\":\"https:\\\/\\\/efaktura.nl\\\/pl\\\/\",\"name\":\"eFaktura.nl\",\"description\":\"\",\"publisher\":{\"@id\":\"https:\\\/\\\/efaktura.nl\\\/pl\\\/#organization\"},\"potentialAction\":[{\"@type\":\"SearchAction\",\"target\":{\"@type\":\"EntryPoint\",\"urlTemplate\":\"https:\\\/\\\/efaktura.nl\\\/pl\\\/?s={search_term_string}\"},\"query-input\":{\"@type\":\"PropertyValueSpecification\",\"valueRequired\":true,\"valueName\":\"search_term_string\"}}],\"inLanguage\":\"pl-PL\"},{\"@type\":\"Organization\",\"@id\":\"https:\\\/\\\/efaktura.nl\\\/pl\\\/#organization\",\"name\":\"eFaktura\",\"url\":\"https:\\\/\\\/efaktura.nl\\\/pl\\\/\",\"logo\":{\"@type\":\"ImageObject\",\"inLanguage\":\"pl-PL\",\"@id\":\"https:\\\/\\\/efaktura.nl\\\/pl\\\/#\\\/schema\\\/logo\\\/image\\\/\",\"url\":\"https:\\\/\\\/efaktura.nl\\\/wp-content\\\/uploads\\\/logo-efaktura-25.svg\",\"contentUrl\":\"https:\\\/\\\/efaktura.nl\\\/wp-content\\\/uploads\\\/logo-efaktura-25.svg\",\"width\":264,\"height\":31,\"caption\":\"eFaktura\"},\"image\":{\"@id\":\"https:\\\/\\\/efaktura.nl\\\/pl\\\/#\\\/schema\\\/logo\\\/image\\\/\"},\"sameAs\":[\"https:\\\/\\\/www.facebook.com\\\/efaktura.nl\",\"https:\\\/\\\/www.instagram.com\\\/efaktura.eu\\\/\",\"https:\\\/\\\/www.youtube.com\\\/channel\\\/UCpx6sOnTCmDMkAG2QEyW9PA\"]},{\"@type\":\"Person\",\"@id\":\"https:\\\/\\\/efaktura.nl\\\/pl\\\/#\\\/schema\\\/person\\\/1b6361d5dcfd5eea37cf7f151ffc98cf\",\"name\":\"Natalia Tanalska\"}]}<\/script>\n<!-- \/ Yoast SEO plugin. -->","yoast_head_json":{"title":"Nowy komunikator w systemie - eFaktura.nl","description":"Upro\u015b\u0107my sobie kontakt! Je\u015bli masz pytanie napisz do nas w nowym komunikatorze w systemie oraz na na stronie eFaktura.nl.","robots":{"index":"index","follow":"follow","max-snippet":"max-snippet:-1","max-image-preview":"max-image-preview:large","max-video-preview":"max-video-preview:-1"},"canonical":"https:\/\/efaktura.nl\/pl\/nowy-komunikator-w-systemie\/","og_locale":"pl_PL","og_type":"article","og_title":"Nowy komunikator w systemie - eFaktura.nl","og_description":"Upro\u015b\u0107my sobie kontakt! Je\u015bli masz pytanie napisz do nas w nowym komunikatorze w systemie oraz na na stronie eFaktura.nl.","og_url":"https:\/\/efaktura.nl\/pl\/nowy-komunikator-w-systemie\/","og_site_name":"eFaktura.nl","article_publisher":"https:\/\/www.facebook.com\/efaktura.nl","article_published_time":"2023-05-25T10:23:02+00:00","article_modified_time":"2023-10-23T09:40:14+00:00","og_image":[{"width":900,"height":600,"url":"https:\/\/efaktura.nl\/wp-content\/uploads\/348386900_1176414469692310_8114183764230215152_n1.png","type":"image\/png"}],"author":"Natalia Tanalska","twitter_card":"summary_large_image","schema":{"@context":"https:\/\/schema.org","@graph":[{"@type":"Article","@id":"https:\/\/efaktura.nl\/pl\/nowy-komunikator-w-systemie\/#article","isPartOf":{"@id":"https:\/\/efaktura.nl\/pl\/nowy-komunikator-w-systemie\/"},"author":{"name":"Natalia Tanalska","@id":"https:\/\/efaktura.nl\/pl\/#\/schema\/person\/1b6361d5dcfd5eea37cf7f151ffc98cf"},"headline":"Nowy komunikator w systemie","datePublished":"2023-05-25T10:23:02+00:00","dateModified":"2023-10-23T09:40:14+00:00","mainEntityOfPage":{"@id":"https:\/\/efaktura.nl\/pl\/nowy-komunikator-w-systemie\/"},"wordCount":168,"publisher":{"@id":"https:\/\/efaktura.nl\/pl\/#organization"},"image":{"@id":"https:\/\/efaktura.nl\/pl\/nowy-komunikator-w-systemie\/#primaryimage"},"thumbnailUrl":"https:\/\/efaktura.nl\/wp-content\/uploads\/348386900_1176414469692310_8114183764230215152_n1.png","keywords":["poka\u017c-w-systemie"],"articleSection":["Systemowe"],"inLanguage":"pl-PL"},{"@type":"WebPage","@id":"https:\/\/efaktura.nl\/pl\/nowy-komunikator-w-systemie\/","url":"https:\/\/efaktura.nl\/pl\/nowy-komunikator-w-systemie\/","name":"Nowy komunikator w systemie - eFaktura.nl","isPartOf":{"@id":"https:\/\/efaktura.nl\/pl\/#website"},"primaryImageOfPage":{"@id":"https:\/\/efaktura.nl\/pl\/nowy-komunikator-w-systemie\/#primaryimage"},"image":{"@id":"https:\/\/efaktura.nl\/pl\/nowy-komunikator-w-systemie\/#primaryimage"},"thumbnailUrl":"https:\/\/efaktura.nl\/wp-content\/uploads\/348386900_1176414469692310_8114183764230215152_n1.png","datePublished":"2023-05-25T10:23:02+00:00","dateModified":"2023-10-23T09:40:14+00:00","description":"Upro\u015b\u0107my sobie kontakt! Je\u015bli masz pytanie napisz do nas w nowym komunikatorze w systemie oraz na na stronie eFaktura.nl.","breadcrumb":{"@id":"https:\/\/efaktura.nl\/pl\/nowy-komunikator-w-systemie\/#breadcrumb"},"inLanguage":"pl-PL","potentialAction":[{"@type":"ReadAction","target":["https:\/\/efaktura.nl\/pl\/nowy-komunikator-w-systemie\/"]}]},{"@type":"ImageObject","inLanguage":"pl-PL","@id":"https:\/\/efaktura.nl\/pl\/nowy-komunikator-w-systemie\/#primaryimage","url":"https:\/\/efaktura.nl\/wp-content\/uploads\/348386900_1176414469692310_8114183764230215152_n1.png","contentUrl":"https:\/\/efaktura.nl\/wp-content\/uploads\/348386900_1176414469692310_8114183764230215152_n1.png","width":900,"height":600,"caption":"obs\u0142uga klienta"},{"@type":"BreadcrumbList","@id":"https:\/\/efaktura.nl\/pl\/nowy-komunikator-w-systemie\/#breadcrumb","itemListElement":[{"@type":"ListItem","position":1,"name":"Strona g\u0142\u00f3wna","item":"https:\/\/efaktura.nl\/pl\/new-home\/"},{"@type":"ListItem","position":2,"name":"Nowy komunikator w systemie"}]},{"@type":"WebSite","@id":"https:\/\/efaktura.nl\/pl\/#website","url":"https:\/\/efaktura.nl\/pl\/","name":"eFaktura.nl","description":"","publisher":{"@id":"https:\/\/efaktura.nl\/pl\/#organization"},"potentialAction":[{"@type":"SearchAction","target":{"@type":"EntryPoint","urlTemplate":"https:\/\/efaktura.nl\/pl\/?s={search_term_string}"},"query-input":{"@type":"PropertyValueSpecification","valueRequired":true,"valueName":"search_term_string"}}],"inLanguage":"pl-PL"},{"@type":"Organization","@id":"https:\/\/efaktura.nl\/pl\/#organization","name":"eFaktura","url":"https:\/\/efaktura.nl\/pl\/","logo":{"@type":"ImageObject","inLanguage":"pl-PL","@id":"https:\/\/efaktura.nl\/pl\/#\/schema\/logo\/image\/","url":"https:\/\/efaktura.nl\/wp-content\/uploads\/logo-efaktura-25.svg","contentUrl":"https:\/\/efaktura.nl\/wp-content\/uploads\/logo-efaktura-25.svg","width":264,"height":31,"caption":"eFaktura"},"image":{"@id":"https:\/\/efaktura.nl\/pl\/#\/schema\/logo\/image\/"},"sameAs":["https:\/\/www.facebook.com\/efaktura.nl","https:\/\/www.instagram.com\/efaktura.eu\/","https:\/\/www.youtube.com\/channel\/UCpx6sOnTCmDMkAG2QEyW9PA"]},{"@type":"Person","@id":"https:\/\/efaktura.nl\/pl\/#\/schema\/person\/1b6361d5dcfd5eea37cf7f151ffc98cf","name":"Natalia Tanalska"}]}},"_links":{"self":[{"href":"https:\/\/efaktura.nl\/pl\/wp-json\/wp\/v2\/posts\/20319","targetHints":{"allow":["GET"]}}],"collection":[{"href":"https:\/\/efaktura.nl\/pl\/wp-json\/wp\/v2\/posts"}],"about":[{"href":"https:\/\/efaktura.nl\/pl\/wp-json\/wp\/v2\/types\/post"}],"author":[{"embeddable":true,"href":"https:\/\/efaktura.nl\/pl\/wp-json\/wp\/v2\/users\/3"}],"replies":[{"embeddable":true,"href":"https:\/\/efaktura.nl\/pl\/wp-json\/wp\/v2\/comments?post=20319"}],"version-history":[{"count":0,"href":"https:\/\/efaktura.nl\/pl\/wp-json\/wp\/v2\/posts\/20319\/revisions"}],"wp:featuredmedia":[{"embeddable":true,"href":"https:\/\/efaktura.nl\/pl\/wp-json\/wp\/v2\/media\/20329"}],"wp:attachment":[{"href":"https:\/\/efaktura.nl\/pl\/wp-json\/wp\/v2\/media?parent=20319"}],"wp:term":[{"taxonomy":"category","embeddable":true,"href":"https:\/\/efaktura.nl\/pl\/wp-json\/wp\/v2\/categories?post=20319"},{"taxonomy":"post_tag","embeddable":true,"href":"https:\/\/efaktura.nl\/pl\/wp-json\/wp\/v2\/tags?post=20319"}],"curies":[{"name":"wp","href":"https:\/\/api.w.org\/{rel}","templated":true}]}}