{"id":20375,"date":"2023-06-14T15:38:23","date_gmt":"2023-06-14T13:38:23","guid":{"rendered":"http:\/\/efaktura.nl\/?p=20375"},"modified":"2023-12-04T14:42:06","modified_gmt":"2023-12-04T13:42:06","slug":"nowy-sposob-dodawania-kosztow","status":"publish","type":"post","link":"https:\/\/efaktura.nl\/pl\/nowy-sposob-dodawania-kosztow\/","title":{"rendered":"Nowy spos\u00f3b dodawania koszt\u00f3w"},"content":{"rendered":"\n<p class=\"wp-block-paragraph\"><strong>Od teraz mo\u017cesz b\u0142yskawicznie doda\u0107 faktur\u0119, kt\u00f3r\u0105 dosta\u0142e\u015b na skrzynk\u0119 pocztow\u0105 do swoich koszt\u00f3w w eFaktura.nl.<\/strong><\/p>\n\n\n\n<p class=\"wp-block-paragraph\">Wystarczy, \u017ce przeka\u017cesz maila z za\u0142\u0105czonym kosztem na adres <strong>koszty@efaktura.nl<\/strong>, a dokument automatycznie pojawi si\u0119 na li\u015bcie z kosztami w programie.<\/p>\n\n\n\n<h2 class=\"wp-block-heading\"><strong>Dodaj skrzynk\u0119 pocztow\u0105 do zaufanych maili Twojego konta<\/strong><\/h2>\n\n\n\n<p class=\"wp-block-paragraph\">Sprawd\u017a wcze\u015bniej, czy jeste\u015b zalogowany do programu.<\/p>\n\n\n\n<h3 class=\"wp-block-heading\">Krok 1. Dodaj maila<\/h3>\n\n\n\n<p class=\"wp-block-paragraph\">Wy\u015blij maila o dowolnej tre\u015bci ze swojej skrzynki pocztowej na adres koszty@efaktura.nl.<\/p>\n\n\n\n<h3 class=\"wp-block-heading\">Krok 2. Potwierd\u017a adres<\/h3>\n\n\n\n<p class=\"wp-block-paragraph\">W odpowiedzi dostaniesz maila z potwierdzeniem adresu.<\/p>\n\n\n\n<h3 class=\"wp-block-heading\">Krok 3.&nbsp; Wy\u015blij koszt<\/h3>\n\n\n\n<p class=\"wp-block-paragraph\">Po potwierdzeniu wy\u015blij maila z dokumentem kosztowym w za\u0142\u0105czniku na adres koszty@efaktura.nl.<\/p>\n\n\n\n<h3 class=\"wp-block-heading\">Uzupe\u0142nij szczeg\u00f3\u0142y<\/h3>\n\n\n\n<p class=\"wp-block-paragraph\">Przejd\u017a do konta w eFaktura.nl i w zak\u0142adce KOSZTY wybierz dokument, kt\u00f3ry przes\u0142a\u0142e\u015b z listy, nast\u0119pnie uzupe\u0142nij dane.<\/p>\n\n\n\n<div class=\"wp-block-media-text is-stacked-on-mobile\" style=\"grid-template-columns:40% auto\"><figure class=\"wp-block-media-text__media\"><img loading=\"lazy\" decoding=\"async\" width=\"1024\" height=\"456\" src=\"https:\/\/efaktura.nl\/wp-content\/uploads\/Tylko-ksiegowy-potrafi-wystawic-fakture14-1-1024x456.jpg\" alt=\"lista maili\" class=\"wp-image-20389 size-full\" srcset=\"https:\/\/efaktura.nl\/wp-content\/uploads\/Tylko-ksiegowy-potrafi-wystawic-fakture14-1-1024x456.jpg 1024w, https:\/\/efaktura.nl\/wp-content\/uploads\/Tylko-ksiegowy-potrafi-wystawic-fakture14-1-300x134.jpg 300w, https:\/\/efaktura.nl\/wp-content\/uploads\/Tylko-ksiegowy-potrafi-wystawic-fakture14-1-768x342.jpg 768w, https:\/\/efaktura.nl\/wp-content\/uploads\/Tylko-ksiegowy-potrafi-wystawic-fakture14-1-980x436.jpg 980w, https:\/\/efaktura.nl\/wp-content\/uploads\/Tylko-ksiegowy-potrafi-wystawic-fakture14-1-480x214.jpg 480w, https:\/\/efaktura.nl\/wp-content\/uploads\/Tylko-ksiegowy-potrafi-wystawic-fakture14-1.jpg 1080w\" sizes=\"auto, (max-width: 1024px) 100vw, 1024px\" \/><\/figure><div class=\"wp-block-media-text__content\">\n<h3 class=\"wp-block-heading\">Sprawd\u017a list\u0119<\/h3>\n\n\n\n<p class=\"wp-block-paragraph\">Potwierdzony adres znajdzie si\u0119 na li\u015bcie zaufanych adres\u00f3w mailowych w zak\u0142adce USTAWIENIA&gt;MOJA FIRMA. Mo\u017cesz doda\u0107 wi\u0119cej ni\u017c jeden adres.<\/p>\n<\/div><\/div>\n\n\n\n<div class=\"wp-block-buttons is-content-justification-center is-layout-flex wp-container-core-buttons-is-layout-fe48e5de wp-block-buttons-is-layout-flex\">\n<div class=\"wp-block-button\"><a class=\"wp-block-button__link wp-element-button\" href=\"https:\/\/app.efaktura.nl\/#\/documents\" target=\"_blank\" rel=\"noreferrer noopener\">sprawd\u017a jak to dzia\u0142a<\/a><\/div>\n<\/div>\n","protected":false},"excerpt":{"rendered":"<p>Wysy\u0142aj dokumenty z maile z kosztami prosto do eFaktura.nl.<\/p>\n","protected":false},"author":3,"featured_media":20378,"comment_status":"closed","ping_status":"closed","sticky":false,"template":"","format":"standard","meta":{"_acf_changed":false,"_crdt_document":"","inline_featured_image":false,"footnotes":""},"categories":[63],"tags":[62],"class_list":["post-20375","post","type-post","status-publish","format-standard","has-post-thumbnail","hentry","category-systemowe","tag-pokaz-w-systemie"],"acf":[],"yoast_head":"<!-- This site is optimized with the Yoast SEO plugin v27.4 - https:\/\/yoast.com\/product\/yoast-seo-wordpress\/ -->\n<title>Nowy spos\u00f3b dodawania koszt\u00f3w - eFaktura.nl<\/title>\n<meta name=\"description\" content=\"Zdarza Ci si\u0119, \u017ce dostajesz faktur\u0119 kosztow\u0105 na s\u0142u\u017cbowego maila? Od teraz mo\u017cesz b\u0142yskawicznie doda\u0107 j\u0105 do koszt\u00f3w w eFaktura.nl.\" \/>\n<meta name=\"robots\" content=\"index, follow, max-snippet:-1, max-image-preview:large, max-video-preview:-1\" \/>\n<link rel=\"canonical\" href=\"https:\/\/efaktura.nl\/pl\/nowy-sposob-dodawania-kosztow\/\" \/>\n<meta property=\"og:locale\" content=\"pl_PL\" \/>\n<meta property=\"og:type\" content=\"article\" \/>\n<meta property=\"og:title\" content=\"Nowy spos\u00f3b dodawania koszt\u00f3w - eFaktura.nl\" \/>\n<meta property=\"og:description\" content=\"Zdarza Ci si\u0119, \u017ce dostajesz faktur\u0119 kosztow\u0105 na s\u0142u\u017cbowego maila? Od teraz mo\u017cesz b\u0142yskawicznie doda\u0107 j\u0105 do koszt\u00f3w w eFaktura.nl.\" \/>\n<meta property=\"og:url\" content=\"https:\/\/efaktura.nl\/pl\/nowy-sposob-dodawania-kosztow\/\" \/>\n<meta property=\"og:site_name\" content=\"eFaktura.nl\" \/>\n<meta property=\"article:publisher\" content=\"https:\/\/www.facebook.com\/efaktura.nl\" \/>\n<meta property=\"article:published_time\" content=\"2023-06-14T13:38:23+00:00\" \/>\n<meta property=\"article:modified_time\" content=\"2023-12-04T13:42:06+00:00\" \/>\n<meta property=\"og:image\" content=\"https:\/\/efaktura.nl\/wp-content\/uploads\/349058431_953460862562231_8940465532980326957_n.png\" \/>\n\t<meta property=\"og:image:width\" content=\"900\" \/>\n\t<meta property=\"og:image:height\" content=\"600\" \/>\n\t<meta property=\"og:image:type\" content=\"image\/png\" \/>\n<meta name=\"author\" content=\"Natalia Tanalska\" \/>\n<meta name=\"twitter:card\" content=\"summary_large_image\" \/>\n<script type=\"application\/ld+json\" class=\"yoast-schema-graph\">{\"@context\":\"https:\\\/\\\/schema.org\",\"@graph\":[{\"@type\":\"Article\",\"@id\":\"https:\\\/\\\/efaktura.nl\\\/pl\\\/nowy-sposob-dodawania-kosztow\\\/#article\",\"isPartOf\":{\"@id\":\"https:\\\/\\\/efaktura.nl\\\/pl\\\/nowy-sposob-dodawania-kosztow\\\/\"},\"author\":{\"name\":\"Natalia Tanalska\",\"@id\":\"https:\\\/\\\/efaktura.nl\\\/pl\\\/#\\\/schema\\\/person\\\/1b6361d5dcfd5eea37cf7f151ffc98cf\"},\"headline\":\"Nowy spos\u00f3b dodawania koszt\u00f3w\",\"datePublished\":\"2023-06-14T13:38:23+00:00\",\"dateModified\":\"2023-12-04T13:42:06+00:00\",\"mainEntityOfPage\":{\"@id\":\"https:\\\/\\\/efaktura.nl\\\/pl\\\/nowy-sposob-dodawania-kosztow\\\/\"},\"wordCount\":182,\"publisher\":{\"@id\":\"https:\\\/\\\/efaktura.nl\\\/pl\\\/#organization\"},\"image\":{\"@id\":\"https:\\\/\\\/efaktura.nl\\\/pl\\\/nowy-sposob-dodawania-kosztow\\\/#primaryimage\"},\"thumbnailUrl\":\"https:\\\/\\\/efaktura.nl\\\/wp-content\\\/uploads\\\/349058431_953460862562231_8940465532980326957_n.png\",\"keywords\":[\"poka\u017c-w-systemie\"],\"articleSection\":[\"Systemowe\"],\"inLanguage\":\"pl-PL\"},{\"@type\":\"WebPage\",\"@id\":\"https:\\\/\\\/efaktura.nl\\\/pl\\\/nowy-sposob-dodawania-kosztow\\\/\",\"url\":\"https:\\\/\\\/efaktura.nl\\\/pl\\\/nowy-sposob-dodawania-kosztow\\\/\",\"name\":\"Nowy spos\u00f3b dodawania koszt\u00f3w - eFaktura.nl\",\"isPartOf\":{\"@id\":\"https:\\\/\\\/efaktura.nl\\\/pl\\\/#website\"},\"primaryImageOfPage\":{\"@id\":\"https:\\\/\\\/efaktura.nl\\\/pl\\\/nowy-sposob-dodawania-kosztow\\\/#primaryimage\"},\"image\":{\"@id\":\"https:\\\/\\\/efaktura.nl\\\/pl\\\/nowy-sposob-dodawania-kosztow\\\/#primaryimage\"},\"thumbnailUrl\":\"https:\\\/\\\/efaktura.nl\\\/wp-content\\\/uploads\\\/349058431_953460862562231_8940465532980326957_n.png\",\"datePublished\":\"2023-06-14T13:38:23+00:00\",\"dateModified\":\"2023-12-04T13:42:06+00:00\",\"description\":\"Zdarza Ci si\u0119, \u017ce dostajesz faktur\u0119 kosztow\u0105 na s\u0142u\u017cbowego maila? Od teraz mo\u017cesz b\u0142yskawicznie doda\u0107 j\u0105 do koszt\u00f3w w eFaktura.nl.\",\"breadcrumb\":{\"@id\":\"https:\\\/\\\/efaktura.nl\\\/pl\\\/nowy-sposob-dodawania-kosztow\\\/#breadcrumb\"},\"inLanguage\":\"pl-PL\",\"potentialAction\":[{\"@type\":\"ReadAction\",\"target\":[\"https:\\\/\\\/efaktura.nl\\\/pl\\\/nowy-sposob-dodawania-kosztow\\\/\"]}]},{\"@type\":\"ImageObject\",\"inLanguage\":\"pl-PL\",\"@id\":\"https:\\\/\\\/efaktura.nl\\\/pl\\\/nowy-sposob-dodawania-kosztow\\\/#primaryimage\",\"url\":\"https:\\\/\\\/efaktura.nl\\\/wp-content\\\/uploads\\\/349058431_953460862562231_8940465532980326957_n.png\",\"contentUrl\":\"https:\\\/\\\/efaktura.nl\\\/wp-content\\\/uploads\\\/349058431_953460862562231_8940465532980326957_n.png\",\"width\":900,\"height\":600,\"caption\":\"koszty upgrade\"},{\"@type\":\"BreadcrumbList\",\"@id\":\"https:\\\/\\\/efaktura.nl\\\/pl\\\/nowy-sposob-dodawania-kosztow\\\/#breadcrumb\",\"itemListElement\":[{\"@type\":\"ListItem\",\"position\":1,\"name\":\"Strona g\u0142\u00f3wna\",\"item\":\"https:\\\/\\\/efaktura.nl\\\/pl\\\/new-home\\\/\"},{\"@type\":\"ListItem\",\"position\":2,\"name\":\"Nowy spos\u00f3b dodawania koszt\u00f3w\"}]},{\"@type\":\"WebSite\",\"@id\":\"https:\\\/\\\/efaktura.nl\\\/pl\\\/#website\",\"url\":\"https:\\\/\\\/efaktura.nl\\\/pl\\\/\",\"name\":\"eFaktura.nl\",\"description\":\"\",\"publisher\":{\"@id\":\"https:\\\/\\\/efaktura.nl\\\/pl\\\/#organization\"},\"potentialAction\":[{\"@type\":\"SearchAction\",\"target\":{\"@type\":\"EntryPoint\",\"urlTemplate\":\"https:\\\/\\\/efaktura.nl\\\/pl\\\/?s={search_term_string}\"},\"query-input\":{\"@type\":\"PropertyValueSpecification\",\"valueRequired\":true,\"valueName\":\"search_term_string\"}}],\"inLanguage\":\"pl-PL\"},{\"@type\":\"Organization\",\"@id\":\"https:\\\/\\\/efaktura.nl\\\/pl\\\/#organization\",\"name\":\"eFaktura\",\"url\":\"https:\\\/\\\/efaktura.nl\\\/pl\\\/\",\"logo\":{\"@type\":\"ImageObject\",\"inLanguage\":\"pl-PL\",\"@id\":\"https:\\\/\\\/efaktura.nl\\\/pl\\\/#\\\/schema\\\/logo\\\/image\\\/\",\"url\":\"https:\\\/\\\/efaktura.nl\\\/wp-content\\\/uploads\\\/logo-efaktura-25.svg\",\"contentUrl\":\"https:\\\/\\\/efaktura.nl\\\/wp-content\\\/uploads\\\/logo-efaktura-25.svg\",\"width\":264,\"height\":31,\"caption\":\"eFaktura\"},\"image\":{\"@id\":\"https:\\\/\\\/efaktura.nl\\\/pl\\\/#\\\/schema\\\/logo\\\/image\\\/\"},\"sameAs\":[\"https:\\\/\\\/www.facebook.com\\\/efaktura.nl\",\"https:\\\/\\\/www.instagram.com\\\/efaktura.eu\\\/\",\"https:\\\/\\\/www.youtube.com\\\/channel\\\/UCpx6sOnTCmDMkAG2QEyW9PA\"]},{\"@type\":\"Person\",\"@id\":\"https:\\\/\\\/efaktura.nl\\\/pl\\\/#\\\/schema\\\/person\\\/1b6361d5dcfd5eea37cf7f151ffc98cf\",\"name\":\"Natalia Tanalska\"}]}<\/script>\n<!-- \/ Yoast SEO plugin. -->","yoast_head_json":{"title":"Nowy spos\u00f3b dodawania koszt\u00f3w - eFaktura.nl","description":"Zdarza Ci si\u0119, \u017ce dostajesz faktur\u0119 kosztow\u0105 na s\u0142u\u017cbowego maila? Od teraz mo\u017cesz b\u0142yskawicznie doda\u0107 j\u0105 do koszt\u00f3w w eFaktura.nl.","robots":{"index":"index","follow":"follow","max-snippet":"max-snippet:-1","max-image-preview":"max-image-preview:large","max-video-preview":"max-video-preview:-1"},"canonical":"https:\/\/efaktura.nl\/pl\/nowy-sposob-dodawania-kosztow\/","og_locale":"pl_PL","og_type":"article","og_title":"Nowy spos\u00f3b dodawania koszt\u00f3w - eFaktura.nl","og_description":"Zdarza Ci si\u0119, \u017ce dostajesz faktur\u0119 kosztow\u0105 na s\u0142u\u017cbowego maila? Od teraz mo\u017cesz b\u0142yskawicznie doda\u0107 j\u0105 do koszt\u00f3w w eFaktura.nl.","og_url":"https:\/\/efaktura.nl\/pl\/nowy-sposob-dodawania-kosztow\/","og_site_name":"eFaktura.nl","article_publisher":"https:\/\/www.facebook.com\/efaktura.nl","article_published_time":"2023-06-14T13:38:23+00:00","article_modified_time":"2023-12-04T13:42:06+00:00","og_image":[{"width":900,"height":600,"url":"https:\/\/efaktura.nl\/wp-content\/uploads\/349058431_953460862562231_8940465532980326957_n.png","type":"image\/png"}],"author":"Natalia Tanalska","twitter_card":"summary_large_image","schema":{"@context":"https:\/\/schema.org","@graph":[{"@type":"Article","@id":"https:\/\/efaktura.nl\/pl\/nowy-sposob-dodawania-kosztow\/#article","isPartOf":{"@id":"https:\/\/efaktura.nl\/pl\/nowy-sposob-dodawania-kosztow\/"},"author":{"name":"Natalia Tanalska","@id":"https:\/\/efaktura.nl\/pl\/#\/schema\/person\/1b6361d5dcfd5eea37cf7f151ffc98cf"},"headline":"Nowy spos\u00f3b dodawania koszt\u00f3w","datePublished":"2023-06-14T13:38:23+00:00","dateModified":"2023-12-04T13:42:06+00:00","mainEntityOfPage":{"@id":"https:\/\/efaktura.nl\/pl\/nowy-sposob-dodawania-kosztow\/"},"wordCount":182,"publisher":{"@id":"https:\/\/efaktura.nl\/pl\/#organization"},"image":{"@id":"https:\/\/efaktura.nl\/pl\/nowy-sposob-dodawania-kosztow\/#primaryimage"},"thumbnailUrl":"https:\/\/efaktura.nl\/wp-content\/uploads\/349058431_953460862562231_8940465532980326957_n.png","keywords":["poka\u017c-w-systemie"],"articleSection":["Systemowe"],"inLanguage":"pl-PL"},{"@type":"WebPage","@id":"https:\/\/efaktura.nl\/pl\/nowy-sposob-dodawania-kosztow\/","url":"https:\/\/efaktura.nl\/pl\/nowy-sposob-dodawania-kosztow\/","name":"Nowy spos\u00f3b dodawania koszt\u00f3w - eFaktura.nl","isPartOf":{"@id":"https:\/\/efaktura.nl\/pl\/#website"},"primaryImageOfPage":{"@id":"https:\/\/efaktura.nl\/pl\/nowy-sposob-dodawania-kosztow\/#primaryimage"},"image":{"@id":"https:\/\/efaktura.nl\/pl\/nowy-sposob-dodawania-kosztow\/#primaryimage"},"thumbnailUrl":"https:\/\/efaktura.nl\/wp-content\/uploads\/349058431_953460862562231_8940465532980326957_n.png","datePublished":"2023-06-14T13:38:23+00:00","dateModified":"2023-12-04T13:42:06+00:00","description":"Zdarza Ci si\u0119, \u017ce dostajesz faktur\u0119 kosztow\u0105 na s\u0142u\u017cbowego maila? Od teraz mo\u017cesz b\u0142yskawicznie doda\u0107 j\u0105 do koszt\u00f3w w eFaktura.nl.","breadcrumb":{"@id":"https:\/\/efaktura.nl\/pl\/nowy-sposob-dodawania-kosztow\/#breadcrumb"},"inLanguage":"pl-PL","potentialAction":[{"@type":"ReadAction","target":["https:\/\/efaktura.nl\/pl\/nowy-sposob-dodawania-kosztow\/"]}]},{"@type":"ImageObject","inLanguage":"pl-PL","@id":"https:\/\/efaktura.nl\/pl\/nowy-sposob-dodawania-kosztow\/#primaryimage","url":"https:\/\/efaktura.nl\/wp-content\/uploads\/349058431_953460862562231_8940465532980326957_n.png","contentUrl":"https:\/\/efaktura.nl\/wp-content\/uploads\/349058431_953460862562231_8940465532980326957_n.png","width":900,"height":600,"caption":"koszty upgrade"},{"@type":"BreadcrumbList","@id":"https:\/\/efaktura.nl\/pl\/nowy-sposob-dodawania-kosztow\/#breadcrumb","itemListElement":[{"@type":"ListItem","position":1,"name":"Strona g\u0142\u00f3wna","item":"https:\/\/efaktura.nl\/pl\/new-home\/"},{"@type":"ListItem","position":2,"name":"Nowy spos\u00f3b dodawania koszt\u00f3w"}]},{"@type":"WebSite","@id":"https:\/\/efaktura.nl\/pl\/#website","url":"https:\/\/efaktura.nl\/pl\/","name":"eFaktura.nl","description":"","publisher":{"@id":"https:\/\/efaktura.nl\/pl\/#organization"},"potentialAction":[{"@type":"SearchAction","target":{"@type":"EntryPoint","urlTemplate":"https:\/\/efaktura.nl\/pl\/?s={search_term_string}"},"query-input":{"@type":"PropertyValueSpecification","valueRequired":true,"valueName":"search_term_string"}}],"inLanguage":"pl-PL"},{"@type":"Organization","@id":"https:\/\/efaktura.nl\/pl\/#organization","name":"eFaktura","url":"https:\/\/efaktura.nl\/pl\/","logo":{"@type":"ImageObject","inLanguage":"pl-PL","@id":"https:\/\/efaktura.nl\/pl\/#\/schema\/logo\/image\/","url":"https:\/\/efaktura.nl\/wp-content\/uploads\/logo-efaktura-25.svg","contentUrl":"https:\/\/efaktura.nl\/wp-content\/uploads\/logo-efaktura-25.svg","width":264,"height":31,"caption":"eFaktura"},"image":{"@id":"https:\/\/efaktura.nl\/pl\/#\/schema\/logo\/image\/"},"sameAs":["https:\/\/www.facebook.com\/efaktura.nl","https:\/\/www.instagram.com\/efaktura.eu\/","https:\/\/www.youtube.com\/channel\/UCpx6sOnTCmDMkAG2QEyW9PA"]},{"@type":"Person","@id":"https:\/\/efaktura.nl\/pl\/#\/schema\/person\/1b6361d5dcfd5eea37cf7f151ffc98cf","name":"Natalia Tanalska"}]}},"_links":{"self":[{"href":"https:\/\/efaktura.nl\/pl\/wp-json\/wp\/v2\/posts\/20375","targetHints":{"allow":["GET"]}}],"collection":[{"href":"https:\/\/efaktura.nl\/pl\/wp-json\/wp\/v2\/posts"}],"about":[{"href":"https:\/\/efaktura.nl\/pl\/wp-json\/wp\/v2\/types\/post"}],"author":[{"embeddable":true,"href":"https:\/\/efaktura.nl\/pl\/wp-json\/wp\/v2\/users\/3"}],"replies":[{"embeddable":true,"href":"https:\/\/efaktura.nl\/pl\/wp-json\/wp\/v2\/comments?post=20375"}],"version-history":[{"count":0,"href":"https:\/\/efaktura.nl\/pl\/wp-json\/wp\/v2\/posts\/20375\/revisions"}],"wp:featuredmedia":[{"embeddable":true,"href":"https:\/\/efaktura.nl\/pl\/wp-json\/wp\/v2\/media\/20378"}],"wp:attachment":[{"href":"https:\/\/efaktura.nl\/pl\/wp-json\/wp\/v2\/media?parent=20375"}],"wp:term":[{"taxonomy":"category","embeddable":true,"href":"https:\/\/efaktura.nl\/pl\/wp-json\/wp\/v2\/categories?post=20375"},{"taxonomy":"post_tag","embeddable":true,"href":"https:\/\/efaktura.nl\/pl\/wp-json\/wp\/v2\/tags?post=20375"}],"curies":[{"name":"wp","href":"https:\/\/api.w.org\/{rel}","templated":true}]}}