{"id":2323,"date":"2019-01-08T21:36:10","date_gmt":"2019-01-08T20:36:10","guid":{"rendered":"http:\/\/efaktura.nl\/?p=2323"},"modified":"2025-07-18T15:52:40","modified_gmt":"2025-07-18T13:52:40","slug":"najwazniejsze-zmiany-dla-przedsiebiorcow-w-2019-roku","status":"publish","type":"post","link":"https:\/\/efaktura.nl\/pl\/najwazniejsze-zmiany-dla-przedsiebiorcow-w-2019-roku\/","title":{"rendered":"Najwa\u017cniejsze zmiany dla przedsi\u0119biorc\u00f3w w 2019 roku"},"content":{"rendered":"\n<p class=\"wp-block-paragraph\"><span style=\"font-weight: 400;\">Nowy rok to r\u00f3wnie\u017c wiele zmian dla w\u0142a\u015bcicieli ma\u0142ych i \u015brednich firm. Przeczytaj o czym warto pami\u0119ta\u0107 prowadz\u0105c firm\u0119 w Holandii. eFAKTURA.nl zrobi\u0142a dla Ciebie, kr\u00f3tkie podsumowanie najwa\u017cniejszych informacji<\/span><\/p>\n\n\n\n<ol class=\"wp-block-list\">\n<li><strong>Odszkodowanie dla cz\u0142onk\u00f3w rodziny ofiary wypadku<\/strong><\/li>\n<\/ol>\n\n\n\n<p class=\"wp-block-paragraph\"><span style=\"font-weight: 400;\">Je\u015bli jako przedsi\u0119biorca spowodujesz wypadek, z kt\u00f3rego powodu kto\u015b straci \u017cycie lub dozna powa\u017cnych i trwa\u0142ych obra\u017ce\u0144, np. wypadek w pracy, wypadek drogowy, b\u0142\u0105d medyczny czy przest\u0119pstwo z u\u017cyciem przemocy, to od 1 stycznia 2019 roku rodzina poszkodowanego mo\u017ce ubiega\u0107 si\u0119 o odszkodowanie.<\/span><\/p>\n\n\n\n<p class=\"wp-block-paragraph\"><span style=\"font-weight: 400;\">W zale\u017cno\u015bci od sytuacji wysoko\u015b\u0107 tej kwoty to mi\u0119dzy 12.500 a 20.000 euro.<\/span><\/p>\n\n\n\n<ol class=\"wp-block-list\" start=\"2\">\n<li><b> Obni\u017cona stawka podatku BTW wynosi 9%<\/b><\/li>\n<\/ol>\n\n\n\n<p class=\"wp-block-paragraph\"><span style=\"font-weight: 400;\">Pracujesz w bran\u017cy gastronomicznej, rolniczej, rekreacyjnej, sportowej, budowlanej, detalicznej lub zajmujesz si\u0119 sztuk\u0105? A mo\u017ce jeste\u015b fryzjerem, szewcem lub krawcem?<\/span><\/p>\n\n\n\n<p class=\"wp-block-paragraph\"><span style=\"font-weight: 400;\">Najwa\u017cniejsza zmiana dla Twojego przedsi\u0119biorstwa to obni\u017cona stawka BTW, kt\u00f3ra zosta\u0142a ustalona na 9% ( wcze\u015bniej 6%). &nbsp;Ten wzrost wp\u0142ynie znacznie na ceny, administracj\u0119 i zwrot podatku BTW.<\/span><\/p>\n\n\n\n<ol class=\"wp-block-list\" start=\"3\">\n<li><b> Obowi\u0105zek informowania o oszcz\u0119dno\u015bci energii<\/b><\/li>\n<\/ol>\n\n\n\n<p class=\"wp-block-paragraph\"><span style=\"font-weight: 400;\">Czy Twoja firma zu\u017cywa ponad 50 000 kWh energii elektrycznej lub 25 000 m\u00b3 gazu ziemnego rocznie? Wtedy jeste\u015b zobowi\u0105zany by oszcz\u0119dza\u0107 energi\u0119.<\/span><\/p>\n\n\n\n<p class=\"wp-block-paragraph\"><span style=\"font-weight: 400;\">O 1 stycznia 2019 r. musisz r\u00f3wnie\u017c zg\u0142osi\u0107 jakich \u015brodk\u00f3w u\u017cywasz by &nbsp;temu dokona\u0107. Tak\u0105 informacj\u0119 nale\u017cy przes\u0142a\u0107 najp\u00f3\u017aniej do 1 lipca 2019<\/span><\/p>\n\n\n\n<ol class=\"wp-block-list\" start=\"4\">\n<li><b> D\u0142u\u017cszy urlop dla ojc\u00f3w po narodzinach dziecka<\/b><\/li>\n<\/ol>\n\n\n\n<p class=\"wp-block-paragraph\"><span style=\"font-weight: 400;\">Czy Twoja firma zatrudnia pracownik\u00f3w, kt\u00f3rych \u017cony lub partnerki spodziewaj\u0105 si\u0119 dziecka? Od 2019 maj\u0105 oni prawo do tygodniowego odp\u0142atnego urlopu. Do tej pory ojcom przys\u0142ugiwa\u0142y tylko dwa dni. &nbsp;Pracownik mo\u017ce skorzysta\u0107 z urlopu tylko w ciagu pierwszych czterech tygodni po narodzinach dziecka.<\/span><\/p>\n\n\n\n<ol class=\"wp-block-list\" start=\"5\">\n<li><b> 22% doliczenia dla samochod\u00f3w elektrycznych dro\u017cszych ni\u017c 50 000 euro<\/b><\/li>\n<\/ol>\n\n\n\n<p class=\"wp-block-paragraph\"><span style=\"font-weight: 400;\">Planujesz wynaj\u0119cie lub zakup samochodu elektrycznego dla w\u0142asnej firmy? Je\u017celi b\u0119dziesz u\u017cywa\u0142 auto prywatnie to obowi\u0105zuje Ci\u0119 doliczenie w wysoko\u015bci 4% do warto\u015bci katalogowej pojazdu max 50.000 euro. Je\u017celi wybrany przez Ciebie samoch\u00f3d jest dro\u017cszy ni\u017c 50.000 euro to doliczenie od nadwy\u017cki ponad 50.000 euro wyniesie 22%.<\/span><\/p>\n\n\n\n<div style=\"height:25px\" aria-hidden=\"true\" class=\"wp-block-spacer\"><\/div>\n\n\n\n<div class=\"wp-block-columns is-layout-flex wp-container-core-columns-is-layout-8f761849 wp-block-columns-is-layout-flex\">\n<div class=\"wp-block-column is-layout-flow wp-block-column-is-layout-flow\">\n<div class=\"wp-block-buttons is-content-justification-center is-layout-flex wp-container-core-buttons-is-layout-fe48e5de wp-block-buttons-is-layout-flex\">\n<div class=\"wp-block-button\"><a class=\"wp-block-button__link wp-element-button\" href=\"https:\/\/app.efaktura.nl\/#\/login\">WYPR\u00d3BUJ ZA DARMO<\/a><\/div>\n<\/div>\n<\/div>\n\n\n\n<div class=\"wp-block-column is-vertically-aligned-center is-layout-flow wp-block-column-is-layout-flow\" style=\"--col-width:10%;flex-basis:10%\">\n<p class=\"has-text-align-center wp-block-paragraph\">lub<\/p>\n<\/div>\n\n\n\n<div class=\"wp-block-column is-layout-flow wp-block-column-is-layout-flow\">\n<div class=\"wp-block-buttons is-content-justification-center is-layout-flex wp-container-core-buttons-is-layout-fe48e5de wp-block-buttons-is-layout-flex\">\n<div class=\"wp-block-button\"><a class=\"wp-block-button__link wp-element-button\" href=\"https:\/\/demo.efaktura.nl\/#\/\">SPRAWD\u0179 W WERSJI DEMO<\/a><\/div>\n<\/div>\n<\/div>\n<\/div>\n","protected":false},"excerpt":{"rendered":"<p>Nowy rok to r\u00f3wnie\u017c wiele zmian dla w\u0142a\u015bcicieli ma\u0142ych i \u015brednich firm. Przeczytaj o czym warto pami\u0119ta\u0107 prowadz\u0105c firm\u0119 w Holandii. eFAKTURA.nl zrobi\u0142a dla Ciebie, kr\u00f3tkie podsumowanie najwa\u017cniejszych&#8230;<\/p>\n","protected":false},"author":2,"featured_media":14835,"comment_status":"closed","ping_status":"open","sticky":false,"template":"","format":"standard","meta":{"_acf_changed":false,"_crdt_document":"","inline_featured_image":false,"footnotes":""},"categories":[20,1],"tags":[33,34,35],"class_list":["post-2323","post","type-post","status-publish","format-standard","has-post-thumbnail","hentry","category-administracja","category-firma-w-holandii","tag-33","tag-zmiany","tag-zzp"],"acf":[],"yoast_head":"<!-- This site is optimized with the Yoast SEO plugin v27.4 - https:\/\/yoast.com\/product\/yoast-seo-wordpress\/ -->\n<title>Najwa\u017cniejsze zmiany dla przedsi\u0119biorc\u00f3w w 2019 roku - eFaktura.nl<\/title>\n<meta name=\"description\" content=\"Sprawd\u017a jak wygl\u0105daj\u0105 zmiany w przepisach i podatkach w Holandii wprowadzone od 2019 roku dla ma\u0142ych i \u015brednich firm.\" \/>\n<meta name=\"robots\" content=\"index, follow, max-snippet:-1, max-image-preview:large, max-video-preview:-1\" \/>\n<link rel=\"canonical\" href=\"https:\/\/efaktura.nl\/pl\/najwazniejsze-zmiany-dla-przedsiebiorcow-w-2019-roku\/\" \/>\n<meta property=\"og:locale\" content=\"pl_PL\" \/>\n<meta property=\"og:type\" content=\"article\" \/>\n<meta property=\"og:title\" content=\"Najwa\u017cniejsze zmiany dla przedsi\u0119biorc\u00f3w w 2019 roku - eFaktura.nl\" \/>\n<meta property=\"og:description\" content=\"Sprawd\u017a jak wygl\u0105daj\u0105 zmiany w przepisach i podatkach w Holandii wprowadzone od 2019 roku dla ma\u0142ych i \u015brednich firm.\" \/>\n<meta property=\"og:url\" content=\"https:\/\/efaktura.nl\/pl\/najwazniejsze-zmiany-dla-przedsiebiorcow-w-2019-roku\/\" \/>\n<meta property=\"og:site_name\" content=\"eFaktura.nl\" \/>\n<meta property=\"article:publisher\" content=\"https:\/\/www.facebook.com\/efaktura.nl\" \/>\n<meta property=\"article:published_time\" content=\"2019-01-08T20:36:10+00:00\" \/>\n<meta property=\"article:modified_time\" content=\"2025-07-18T13:52:40+00:00\" \/>\n<meta property=\"og:image\" content=\"https:\/\/efaktura.nl\/wp-content\/uploads\/zmiany-2019.jpeg\" \/>\n\t<meta property=\"og:image:width\" content=\"900\" \/>\n\t<meta property=\"og:image:height\" content=\"600\" \/>\n\t<meta property=\"og:image:type\" content=\"image\/jpeg\" \/>\n<meta name=\"author\" content=\"Pani Karteczka\" \/>\n<meta name=\"twitter:card\" content=\"summary_large_image\" \/>\n<script type=\"application\/ld+json\" class=\"yoast-schema-graph\">{\"@context\":\"https:\\\/\\\/schema.org\",\"@graph\":[{\"@type\":\"Article\",\"@id\":\"https:\\\/\\\/efaktura.nl\\\/pl\\\/najwazniejsze-zmiany-dla-przedsiebiorcow-w-2019-roku\\\/#article\",\"isPartOf\":{\"@id\":\"https:\\\/\\\/efaktura.nl\\\/pl\\\/najwazniejsze-zmiany-dla-przedsiebiorcow-w-2019-roku\\\/\"},\"author\":{\"name\":\"Pani Karteczka\",\"@id\":\"https:\\\/\\\/efaktura.nl\\\/pl\\\/#\\\/schema\\\/person\\\/1237b641851e6a2c4403a333f367aee3\"},\"headline\":\"Najwa\u017cniejsze zmiany dla przedsi\u0119biorc\u00f3w w 2019 roku\",\"datePublished\":\"2019-01-08T20:36:10+00:00\",\"dateModified\":\"2025-07-18T13:52:40+00:00\",\"mainEntityOfPage\":{\"@id\":\"https:\\\/\\\/efaktura.nl\\\/pl\\\/najwazniejsze-zmiany-dla-przedsiebiorcow-w-2019-roku\\\/\"},\"wordCount\":370,\"publisher\":{\"@id\":\"https:\\\/\\\/efaktura.nl\\\/pl\\\/#organization\"},\"image\":{\"@id\":\"https:\\\/\\\/efaktura.nl\\\/pl\\\/najwazniejsze-zmiany-dla-przedsiebiorcow-w-2019-roku\\\/#primaryimage\"},\"thumbnailUrl\":\"https:\\\/\\\/efaktura.nl\\\/wp-content\\\/uploads\\\/zmiany-2019.jpeg\",\"keywords\":[\"2019\",\"zmiany\",\"ZZP\"],\"articleSection\":[\"Administracja\",\"Firma w Holandii\"],\"inLanguage\":\"pl-PL\"},{\"@type\":\"WebPage\",\"@id\":\"https:\\\/\\\/efaktura.nl\\\/pl\\\/najwazniejsze-zmiany-dla-przedsiebiorcow-w-2019-roku\\\/\",\"url\":\"https:\\\/\\\/efaktura.nl\\\/pl\\\/najwazniejsze-zmiany-dla-przedsiebiorcow-w-2019-roku\\\/\",\"name\":\"Najwa\u017cniejsze zmiany dla przedsi\u0119biorc\u00f3w w 2019 roku - eFaktura.nl\",\"isPartOf\":{\"@id\":\"https:\\\/\\\/efaktura.nl\\\/pl\\\/#website\"},\"primaryImageOfPage\":{\"@id\":\"https:\\\/\\\/efaktura.nl\\\/pl\\\/najwazniejsze-zmiany-dla-przedsiebiorcow-w-2019-roku\\\/#primaryimage\"},\"image\":{\"@id\":\"https:\\\/\\\/efaktura.nl\\\/pl\\\/najwazniejsze-zmiany-dla-przedsiebiorcow-w-2019-roku\\\/#primaryimage\"},\"thumbnailUrl\":\"https:\\\/\\\/efaktura.nl\\\/wp-content\\\/uploads\\\/zmiany-2019.jpeg\",\"datePublished\":\"2019-01-08T20:36:10+00:00\",\"dateModified\":\"2025-07-18T13:52:40+00:00\",\"description\":\"Sprawd\u017a jak wygl\u0105daj\u0105 zmiany w przepisach i podatkach w Holandii wprowadzone od 2019 roku dla ma\u0142ych i \u015brednich firm.\",\"breadcrumb\":{\"@id\":\"https:\\\/\\\/efaktura.nl\\\/pl\\\/najwazniejsze-zmiany-dla-przedsiebiorcow-w-2019-roku\\\/#breadcrumb\"},\"inLanguage\":\"pl-PL\",\"potentialAction\":[{\"@type\":\"ReadAction\",\"target\":[\"https:\\\/\\\/efaktura.nl\\\/pl\\\/najwazniejsze-zmiany-dla-przedsiebiorcow-w-2019-roku\\\/\"]}]},{\"@type\":\"ImageObject\",\"inLanguage\":\"pl-PL\",\"@id\":\"https:\\\/\\\/efaktura.nl\\\/pl\\\/najwazniejsze-zmiany-dla-przedsiebiorcow-w-2019-roku\\\/#primaryimage\",\"url\":\"https:\\\/\\\/efaktura.nl\\\/wp-content\\\/uploads\\\/zmiany-2019.jpeg\",\"contentUrl\":\"https:\\\/\\\/efaktura.nl\\\/wp-content\\\/uploads\\\/zmiany-2019.jpeg\",\"width\":900,\"height\":600,\"caption\":\"Najwa\u017cniejsze zmiany dla przedsi\u0119biorc\u00f3w w 2019 roku\"},{\"@type\":\"BreadcrumbList\",\"@id\":\"https:\\\/\\\/efaktura.nl\\\/pl\\\/najwazniejsze-zmiany-dla-przedsiebiorcow-w-2019-roku\\\/#breadcrumb\",\"itemListElement\":[{\"@type\":\"ListItem\",\"position\":1,\"name\":\"Strona g\u0142\u00f3wna\",\"item\":\"https:\\\/\\\/efaktura.nl\\\/pl\\\/new-home\\\/\"},{\"@type\":\"ListItem\",\"position\":2,\"name\":\"Najwa\u017cniejsze zmiany dla przedsi\u0119biorc\u00f3w w 2019 roku\"}]},{\"@type\":\"WebSite\",\"@id\":\"https:\\\/\\\/efaktura.nl\\\/pl\\\/#website\",\"url\":\"https:\\\/\\\/efaktura.nl\\\/pl\\\/\",\"name\":\"eFaktura.nl\",\"description\":\"\",\"publisher\":{\"@id\":\"https:\\\/\\\/efaktura.nl\\\/pl\\\/#organization\"},\"potentialAction\":[{\"@type\":\"SearchAction\",\"target\":{\"@type\":\"EntryPoint\",\"urlTemplate\":\"https:\\\/\\\/efaktura.nl\\\/pl\\\/?s={search_term_string}\"},\"query-input\":{\"@type\":\"PropertyValueSpecification\",\"valueRequired\":true,\"valueName\":\"search_term_string\"}}],\"inLanguage\":\"pl-PL\"},{\"@type\":\"Organization\",\"@id\":\"https:\\\/\\\/efaktura.nl\\\/pl\\\/#organization\",\"name\":\"eFaktura\",\"url\":\"https:\\\/\\\/efaktura.nl\\\/pl\\\/\",\"logo\":{\"@type\":\"ImageObject\",\"inLanguage\":\"pl-PL\",\"@id\":\"https:\\\/\\\/efaktura.nl\\\/pl\\\/#\\\/schema\\\/logo\\\/image\\\/\",\"url\":\"https:\\\/\\\/efaktura.nl\\\/wp-content\\\/uploads\\\/logo-efaktura-25.svg\",\"contentUrl\":\"https:\\\/\\\/efaktura.nl\\\/wp-content\\\/uploads\\\/logo-efaktura-25.svg\",\"width\":264,\"height\":31,\"caption\":\"eFaktura\"},\"image\":{\"@id\":\"https:\\\/\\\/efaktura.nl\\\/pl\\\/#\\\/schema\\\/logo\\\/image\\\/\"},\"sameAs\":[\"https:\\\/\\\/www.facebook.com\\\/efaktura.nl\",\"https:\\\/\\\/www.instagram.com\\\/efaktura.eu\\\/\",\"https:\\\/\\\/www.youtube.com\\\/channel\\\/UCpx6sOnTCmDMkAG2QEyW9PA\"]},{\"@type\":\"Person\",\"@id\":\"https:\\\/\\\/efaktura.nl\\\/pl\\\/#\\\/schema\\\/person\\\/1237b641851e6a2c4403a333f367aee3\",\"name\":\"Pani Karteczka\"}]}<\/script>\n<!-- \/ Yoast SEO plugin. -->","yoast_head_json":{"title":"Najwa\u017cniejsze zmiany dla przedsi\u0119biorc\u00f3w w 2019 roku - eFaktura.nl","description":"Sprawd\u017a jak wygl\u0105daj\u0105 zmiany w przepisach i podatkach w Holandii wprowadzone od 2019 roku dla ma\u0142ych i \u015brednich firm.","robots":{"index":"index","follow":"follow","max-snippet":"max-snippet:-1","max-image-preview":"max-image-preview:large","max-video-preview":"max-video-preview:-1"},"canonical":"https:\/\/efaktura.nl\/pl\/najwazniejsze-zmiany-dla-przedsiebiorcow-w-2019-roku\/","og_locale":"pl_PL","og_type":"article","og_title":"Najwa\u017cniejsze zmiany dla przedsi\u0119biorc\u00f3w w 2019 roku - eFaktura.nl","og_description":"Sprawd\u017a jak wygl\u0105daj\u0105 zmiany w przepisach i podatkach w Holandii wprowadzone od 2019 roku dla ma\u0142ych i \u015brednich firm.","og_url":"https:\/\/efaktura.nl\/pl\/najwazniejsze-zmiany-dla-przedsiebiorcow-w-2019-roku\/","og_site_name":"eFaktura.nl","article_publisher":"https:\/\/www.facebook.com\/efaktura.nl","article_published_time":"2019-01-08T20:36:10+00:00","article_modified_time":"2025-07-18T13:52:40+00:00","og_image":[{"width":900,"height":600,"url":"https:\/\/efaktura.nl\/wp-content\/uploads\/zmiany-2019.jpeg","type":"image\/jpeg"}],"author":"Pani Karteczka","twitter_card":"summary_large_image","schema":{"@context":"https:\/\/schema.org","@graph":[{"@type":"Article","@id":"https:\/\/efaktura.nl\/pl\/najwazniejsze-zmiany-dla-przedsiebiorcow-w-2019-roku\/#article","isPartOf":{"@id":"https:\/\/efaktura.nl\/pl\/najwazniejsze-zmiany-dla-przedsiebiorcow-w-2019-roku\/"},"author":{"name":"Pani Karteczka","@id":"https:\/\/efaktura.nl\/pl\/#\/schema\/person\/1237b641851e6a2c4403a333f367aee3"},"headline":"Najwa\u017cniejsze zmiany dla przedsi\u0119biorc\u00f3w w 2019 roku","datePublished":"2019-01-08T20:36:10+00:00","dateModified":"2025-07-18T13:52:40+00:00","mainEntityOfPage":{"@id":"https:\/\/efaktura.nl\/pl\/najwazniejsze-zmiany-dla-przedsiebiorcow-w-2019-roku\/"},"wordCount":370,"publisher":{"@id":"https:\/\/efaktura.nl\/pl\/#organization"},"image":{"@id":"https:\/\/efaktura.nl\/pl\/najwazniejsze-zmiany-dla-przedsiebiorcow-w-2019-roku\/#primaryimage"},"thumbnailUrl":"https:\/\/efaktura.nl\/wp-content\/uploads\/zmiany-2019.jpeg","keywords":["2019","zmiany","ZZP"],"articleSection":["Administracja","Firma w Holandii"],"inLanguage":"pl-PL"},{"@type":"WebPage","@id":"https:\/\/efaktura.nl\/pl\/najwazniejsze-zmiany-dla-przedsiebiorcow-w-2019-roku\/","url":"https:\/\/efaktura.nl\/pl\/najwazniejsze-zmiany-dla-przedsiebiorcow-w-2019-roku\/","name":"Najwa\u017cniejsze zmiany dla przedsi\u0119biorc\u00f3w w 2019 roku - eFaktura.nl","isPartOf":{"@id":"https:\/\/efaktura.nl\/pl\/#website"},"primaryImageOfPage":{"@id":"https:\/\/efaktura.nl\/pl\/najwazniejsze-zmiany-dla-przedsiebiorcow-w-2019-roku\/#primaryimage"},"image":{"@id":"https:\/\/efaktura.nl\/pl\/najwazniejsze-zmiany-dla-przedsiebiorcow-w-2019-roku\/#primaryimage"},"thumbnailUrl":"https:\/\/efaktura.nl\/wp-content\/uploads\/zmiany-2019.jpeg","datePublished":"2019-01-08T20:36:10+00:00","dateModified":"2025-07-18T13:52:40+00:00","description":"Sprawd\u017a jak wygl\u0105daj\u0105 zmiany w przepisach i podatkach w Holandii wprowadzone od 2019 roku dla ma\u0142ych i \u015brednich firm.","breadcrumb":{"@id":"https:\/\/efaktura.nl\/pl\/najwazniejsze-zmiany-dla-przedsiebiorcow-w-2019-roku\/#breadcrumb"},"inLanguage":"pl-PL","potentialAction":[{"@type":"ReadAction","target":["https:\/\/efaktura.nl\/pl\/najwazniejsze-zmiany-dla-przedsiebiorcow-w-2019-roku\/"]}]},{"@type":"ImageObject","inLanguage":"pl-PL","@id":"https:\/\/efaktura.nl\/pl\/najwazniejsze-zmiany-dla-przedsiebiorcow-w-2019-roku\/#primaryimage","url":"https:\/\/efaktura.nl\/wp-content\/uploads\/zmiany-2019.jpeg","contentUrl":"https:\/\/efaktura.nl\/wp-content\/uploads\/zmiany-2019.jpeg","width":900,"height":600,"caption":"Najwa\u017cniejsze zmiany dla przedsi\u0119biorc\u00f3w w 2019 roku"},{"@type":"BreadcrumbList","@id":"https:\/\/efaktura.nl\/pl\/najwazniejsze-zmiany-dla-przedsiebiorcow-w-2019-roku\/#breadcrumb","itemListElement":[{"@type":"ListItem","position":1,"name":"Strona g\u0142\u00f3wna","item":"https:\/\/efaktura.nl\/pl\/new-home\/"},{"@type":"ListItem","position":2,"name":"Najwa\u017cniejsze zmiany dla przedsi\u0119biorc\u00f3w w 2019 roku"}]},{"@type":"WebSite","@id":"https:\/\/efaktura.nl\/pl\/#website","url":"https:\/\/efaktura.nl\/pl\/","name":"eFaktura.nl","description":"","publisher":{"@id":"https:\/\/efaktura.nl\/pl\/#organization"},"potentialAction":[{"@type":"SearchAction","target":{"@type":"EntryPoint","urlTemplate":"https:\/\/efaktura.nl\/pl\/?s={search_term_string}"},"query-input":{"@type":"PropertyValueSpecification","valueRequired":true,"valueName":"search_term_string"}}],"inLanguage":"pl-PL"},{"@type":"Organization","@id":"https:\/\/efaktura.nl\/pl\/#organization","name":"eFaktura","url":"https:\/\/efaktura.nl\/pl\/","logo":{"@type":"ImageObject","inLanguage":"pl-PL","@id":"https:\/\/efaktura.nl\/pl\/#\/schema\/logo\/image\/","url":"https:\/\/efaktura.nl\/wp-content\/uploads\/logo-efaktura-25.svg","contentUrl":"https:\/\/efaktura.nl\/wp-content\/uploads\/logo-efaktura-25.svg","width":264,"height":31,"caption":"eFaktura"},"image":{"@id":"https:\/\/efaktura.nl\/pl\/#\/schema\/logo\/image\/"},"sameAs":["https:\/\/www.facebook.com\/efaktura.nl","https:\/\/www.instagram.com\/efaktura.eu\/","https:\/\/www.youtube.com\/channel\/UCpx6sOnTCmDMkAG2QEyW9PA"]},{"@type":"Person","@id":"https:\/\/efaktura.nl\/pl\/#\/schema\/person\/1237b641851e6a2c4403a333f367aee3","name":"Pani Karteczka"}]}},"_links":{"self":[{"href":"https:\/\/efaktura.nl\/pl\/wp-json\/wp\/v2\/posts\/2323","targetHints":{"allow":["GET"]}}],"collection":[{"href":"https:\/\/efaktura.nl\/pl\/wp-json\/wp\/v2\/posts"}],"about":[{"href":"https:\/\/efaktura.nl\/pl\/wp-json\/wp\/v2\/types\/post"}],"author":[{"embeddable":true,"href":"https:\/\/efaktura.nl\/pl\/wp-json\/wp\/v2\/users\/2"}],"replies":[{"embeddable":true,"href":"https:\/\/efaktura.nl\/pl\/wp-json\/wp\/v2\/comments?post=2323"}],"version-history":[{"count":1,"href":"https:\/\/efaktura.nl\/pl\/wp-json\/wp\/v2\/posts\/2323\/revisions"}],"predecessor-version":[{"id":36254,"href":"https:\/\/efaktura.nl\/pl\/wp-json\/wp\/v2\/posts\/2323\/revisions\/36254"}],"wp:featuredmedia":[{"embeddable":true,"href":"https:\/\/efaktura.nl\/pl\/wp-json\/wp\/v2\/media\/14835"}],"wp:attachment":[{"href":"https:\/\/efaktura.nl\/pl\/wp-json\/wp\/v2\/media?parent=2323"}],"wp:term":[{"taxonomy":"category","embeddable":true,"href":"https:\/\/efaktura.nl\/pl\/wp-json\/wp\/v2\/categories?post=2323"},{"taxonomy":"post_tag","embeddable":true,"href":"https:\/\/efaktura.nl\/pl\/wp-json\/wp\/v2\/tags?post=2323"}],"curies":[{"name":"wp","href":"https:\/\/api.w.org\/{rel}","templated":true}]}}