{"id":2330,"date":"2019-01-23T02:38:14","date_gmt":"2019-01-23T01:38:14","guid":{"rendered":"http:\/\/efaktura.nl\/?p=2330"},"modified":"2025-08-01T16:51:52","modified_gmt":"2025-08-01T14:51:52","slug":"jak-zwiekszyc-stawke-godzinowa","status":"publish","type":"post","link":"https:\/\/efaktura.nl\/pl\/jak-zwiekszyc-stawke-godzinowa\/","title":{"rendered":"Jak zwi\u0119kszy\u0107 stawk\u0119 godzinow\u0105? 5 krok\u00f3w, kt\u00f3re dzia\u0142aj\u0105."},"content":{"rendered":"\n<p class=\"wp-block-paragraph\">Pocz\u0105tek roku to dla wielu przedsi\u0119biorc\u00f3w dobry moment na aktualizacj\u0119 strategii dzia\u0142ania, tak\u017ce finansowej. Jako ZZP\u2019er (jednoosobowa firma w Holandii) samodzielnie ustalasz swoj\u0105 <strong>stawk\u0119 godzinow\u0105<\/strong> \u2013 ale czy na pewno nadal odzwierciedla ona warto\u015b\u0107 Twojej pracy?<\/p>\n\n\n\n<p class=\"wp-block-paragraph\">Wielu freelancer\u00f3w i us\u0142ugodawc\u00f3w przez lata utrzymuje t\u0119 sam\u0105 stawk\u0119, mimo \u017ce koszty dzia\u0142alno\u015bci rosn\u0105, do\u015bwiadczenie si\u0119 zwi\u0119ksza, a rynek si\u0119 zmienia. Je\u015bli czujesz, \u017ce to moment na zmian\u0119, ale boisz si\u0119 reakcji klient\u00f3w \u2013 ten wpis jest dla Ciebie.<\/p>\n\n\n\n<h2 class=\"wp-block-heading\">Kiedy warto podnie\u015b\u0107 swoj\u0105 stawk\u0119?<\/h2>\n\n\n\n<p class=\"wp-block-paragraph\">Twoja <strong>stawka godzinowa powinna rosn\u0105\u0107 razem z Twoj\u0105 warto\u015bci\u0105 rynkow\u0105<\/strong>. Oto najcz\u0119stsze i w pe\u0142ni uzasadnione powody do podwy\u017cki:<\/p>\n\n\n\n<ul class=\"wp-block-list\">\n<li><strong>Masz wi\u0119cej do\u015bwiadczenia i oferujesz lepsz\u0105 jako\u015b\u0107 us\u0142ug<\/strong> \u2013 Twoja wiedza, narz\u0119dzia, procesy i efektywno\u015b\u0107 po latach dzia\u0142alno\u015bci to realna warto\u015b\u0107 dodana.<\/li>\n\n\n\n<li><strong>Rosn\u0105 koszty dzia\u0142alno\u015bci i inflacja<\/strong> \u2013 dro\u017csze paliwo, ubezpieczenia, software, ksi\u0119gowo\u015b\u0107 \u2013 to wszystko obni\u017ca Tw\u00f3j zysk, je\u015bli nie aktualizujesz cen.<\/li>\n\n\n\n<li><strong>Zmiany w prawie lub bran\u017cy<\/strong> \u2013 np. wzrost koszt\u00f3w pracy, nowe obowi\u0105zki podatkowe lub \u015brodowiskowe.<\/li>\n\n\n\n<li><strong>Stawki konkurencji posz\u0142y w g\u00f3r\u0119<\/strong> \u2013 je\u015bli Twoje ceny s\u0105 du\u017co ni\u017csze od \u015bredniej, mo\u017cesz by\u0107 postrzegany jako \u201eta\u0144sza\u201d opcja, a nie jako\u015b\u0107 premium.<\/li>\n<\/ul>\n\n\n\n<p class=\"wp-block-paragraph\"><em>Nie musisz czeka\u0107 na kryzys, \u017ceby zmieni\u0107 ceny. Podwy\u017cka mo\u017ce by\u0107 wyrazem profesjonalizmu i wzrostu warto\u015bci Twojej marki.<\/em><\/p>\n\n\n\n<h2 class=\"wp-block-heading\">Obawiasz si\u0119, \u017ce stracisz klient\u00f3w?<\/h2>\n\n\n\n<p class=\"wp-block-paragraph\">To naturalna obawa \u2013 ale z naszego do\u015bwiadczenia (i setek rozm\u00f3w z u\u017cytkownikami eFaktura.nl) wynika, \u017ce <strong>klienci cz\u0119\u015bciej akceptuj\u0105 podwy\u017cki ni\u017c odchodz\u0105.<\/strong> Kluczem jest komunikacja i wyczucie.<\/p>\n\n\n\n<p class=\"wp-block-paragraph\">Dlatego przygotowali\u015bmy 5 sprawdzonych krok\u00f3w, kt\u00f3re pomog\u0105 Ci przeprowadzi\u0107 t\u0119 zmian\u0119 spokojnie i profesjonalnie.<\/p>\n\n\n\n<h2 class=\"wp-block-heading\">1. Wybierz dobry moment<\/h2>\n\n\n\n<p class=\"wp-block-paragraph\"><strong>Zadbaj o odpowiedni timing.<\/strong> Najlepiej og\u0142asza\u0107 zmian\u0119 stawek z wyprzedzeniem \u2013 np. na pocz\u0105tku nowego kwarta\u0142u lub roku. Wtedy klienci maj\u0105 czas, by si\u0119 dostosowa\u0107, a Ty \u2013 by unikn\u0105\u0107 nieprzyjemnych niespodzianek w stylu: <em>\u201eAle nikt mnie nie uprzedzi\u0142!\u201d<\/em>.<\/p>\n\n\n\n<p class=\"wp-block-paragraph\"><strong>Wskaz\u00f3wka:<\/strong> Podaj konkretn\u0105 dat\u0119, od kt\u00f3rej obowi\u0105zuje nowa stawka. Np.: <em>\u201eOd 1 lipca 2025 stawka godzinowa wynosi\u0107 b\u0119dzie 65 euro netto.\u201d<\/em><\/p>\n\n\n\n<h2 class=\"wp-block-heading\">2. Postaw na indywidualne podej\u015bcie<\/h2>\n\n\n\n<p class=\"wp-block-paragraph\">Je\u015bli masz kilku kluczowych klient\u00f3w lub sta\u0142ych odbiorc\u00f3w us\u0142ug \u2013 <strong>poinformuj ich osobi\u015bcie<\/strong>. Zadzwo\u0144, wy\u015blij indywidualn\u0105 wiadomo\u015b\u0107 lub zaproponuj kr\u00f3tk\u0105 rozmow\u0119.<\/p>\n\n\n\n<p class=\"wp-block-paragraph\">To buduje relacj\u0119 i pokazuje, \u017ce szanujesz ich biznes.<\/p>\n\n\n\n<p class=\"wp-block-paragraph\">Klienci, kt\u00f3rzy dostan\u0105 og\u00f3lny mail lub automatyczn\u0105 wiadomo\u015b\u0107 o podwy\u017cce, mog\u0105 poczu\u0107 si\u0119 pomini\u0119ci. Zw\u0142aszcza je\u015bli wsp\u00f3\u0142pracujecie d\u0142ugo.<\/p>\n\n\n\n<h2 class=\"wp-block-heading\">3. Nie t\u0142umacz si\u0119, ale b\u0105d\u017a przejrzysty<\/h2>\n\n\n\n<p class=\"wp-block-paragraph\">Masz pe\u0142ne prawo do aktualizacji cen \u2013 i nie musisz si\u0119 z tego t\u0142umaczy\u0107. Wystarczy, \u017ce przedstawisz decyzj\u0119 spokojnie i rzeczowo.<\/p>\n\n\n\n<p class=\"wp-block-paragraph\">Dobrym podej\u015bciem jest <strong>pokazanie warto\u015bci<\/strong>, a nie samej podwy\u017cki:<\/p>\n\n\n\n<blockquote class=\"wp-block-quote is-layout-flow wp-block-quote-is-layout-flow\">\n<p class=\"wp-block-paragraph\">\u201eW ostatnim roku wdro\u017cy\u0142em nowe narz\u0119dzia, kt\u00f3re skracaj\u0105 czas realizacji o po\u0142ow\u0119 i poprawiaj\u0105 jako\u015b\u0107 \u2013 dlatego od przysz\u0142ego miesi\u0105ca obowi\u0105zywa\u0107 b\u0119dzie nowa stawka.\u201d<\/p>\n<\/blockquote>\n\n\n\n<p class=\"wp-block-paragraph\"><em>Unikaj niepewnego tonu typu: \u201eMam nadziej\u0119, \u017ce to nie problem&#8230;\u201d \u2013 to zach\u0119ta do negocjacji.<\/em><\/p>\n\n\n\n<h2 class=\"wp-block-heading\">4. Zaoferuj lojalnym klientom ostatni\u0105 us\u0142ug\u0119 w starej cenie<\/h2>\n\n\n\n<p class=\"wp-block-paragraph\">To \u015bwietny spos\u00f3b na z\u0142agodzenie efektu podwy\u017cki:<\/p>\n\n\n\n<blockquote class=\"wp-block-quote is-layout-flow wp-block-quote-is-layout-flow\">\n<p class=\"wp-block-paragraph\">\u201eDla sta\u0142ych klient\u00f3w nowa stawka zacznie obowi\u0105zywa\u0107 od kolejnego zlecenia. To zlecenie realizuj\u0119 jeszcze wed\u0142ug dotychczasowych warunk\u00f3w.\u201d<\/p>\n<\/blockquote>\n\n\n\n<p class=\"wp-block-paragraph\">Dzia\u0142a szczeg\u00f3lnie dobrze, gdy wsp\u00f3\u0142pracujecie d\u0142ugo i zale\u017cy Ci na relacji.<\/p>\n\n\n\n<h2 class=\"wp-block-heading\">5. Zr\u00f3\u017cnicuj stawki zale\u017cnie od typu zlecenia<\/h2>\n\n\n\n<p class=\"wp-block-paragraph\">Je\u015bli klient zleca Ci wi\u0119kszy projekt lub zapewnia Ci regularne zlecenia \u2013 mo\u017cesz zastosowa\u0107 <strong>obni\u017con\u0105 stawk\u0119 w zamian za gwarancj\u0119 pracy<\/strong>.<\/p>\n\n\n\n<p class=\"wp-block-paragraph\">To strategia win-win: Ty masz ci\u0105g\u0142o\u015b\u0107 pracy, klient ma przewidywalny koszt.<\/p>\n\n\n\n<p class=\"wp-block-paragraph\">W eFaktura.nl mo\u017cesz wprowadzi\u0107 r\u00f3\u017cne stawki w zale\u017cno\u015bci od typu klienta lub rodzaju us\u0142ugi \u2013 a potem wygenerowa\u0107 faktur\u0119 z odpowiedni\u0105 godzin\u00f3wk\u0105 automatycznie.<\/p>\n\n\n\n<h2 class=\"wp-block-heading\">Praktyczne narz\u0119dzie: GODZIN\u00d3WKI w eFaktura.nl<\/h2>\n\n\n\n<p class=\"wp-block-paragraph\">Je\u015bli pracujesz na godziny, \u015bwietnym rozwi\u0105zaniem b\u0119dzie funkcja <strong>GODZIN\u00d3WKI<\/strong> w aplikacji eFaktura.nl. Dzi\u0119ki niej:<\/p>\n\n\n\n<ul class=\"wp-block-list\">\n<li>zapiszesz wszystkie godziny pracy w przejrzysty spos\u00f3b,<\/li>\n\n\n\n<li>z \u0142atwo\u015bci\u0105 wystawisz faktur\u0119 na podstawie przepracowanych godzin,<\/li>\n\n\n\n<li>wygenerujesz raport dla klienta lub biura ksi\u0119gowego.<\/li>\n<\/ul>\n\n\n\n<p class=\"wp-block-paragraph\">To nie tylko wygoda, ale te\u017c wi\u0119ksza przejrzysto\u015b\u0107, gdy stawka godzinowa si\u0119 zmienia \u2013 masz jasny zapis, kiedy i na jakich warunkach pracowa\u0142e\u015b.<\/p>\n\n\n\n<h2 class=\"wp-block-heading\">Podsumowanie: Twoja stawka to Twoja warto\u015b\u0107<\/h2>\n\n\n\n<p class=\"wp-block-paragraph\">Podnoszenie stawek nie musi oznacza\u0107 utraty klient\u00f3w \u2013 je\u015bli robisz to z wyczuciem, pewno\u015bci\u0105 siebie i jasno t\u0142umaczysz powody.<\/p>\n\n\n\n<p class=\"wp-block-paragraph\">Zadbaj o:<\/p>\n\n\n\n<ul class=\"wp-block-list\">\n<li>dobr\u0105 komunikacj\u0119,<\/li>\n\n\n\n<li>przejrzysto\u015b\u0107 i terminowo\u015b\u0107,<\/li>\n\n\n\n<li>elastyczno\u015b\u0107 wobec lojalnych klient\u00f3w.<\/li>\n<\/ul>\n\n\n\n<p class=\"wp-block-paragraph\">Dzi\u0119ki temu Twoja firma b\u0119dzie ros\u0142a razem z Tob\u0105 \u2013 nie tylko w liczbach, ale te\u017c w profesjonalizmie i zaufaniu klient\u00f3w.<\/p>\n\n\n\n<div style=\"height:25px\" aria-hidden=\"true\" class=\"wp-block-spacer\"><\/div>\n\n\n\n<div class=\"wp-block-columns is-layout-flex wp-container-core-columns-is-layout-8f761849 wp-block-columns-is-layout-flex\">\n<div class=\"wp-block-column is-layout-flow wp-block-column-is-layout-flow\">\n<div class=\"wp-block-buttons is-content-justification-center is-layout-flex wp-container-core-buttons-is-layout-fe48e5de wp-block-buttons-is-layout-flex\">\n<div class=\"wp-block-button\"><a class=\"wp-block-button__link wp-element-button\" href=\"https:\/\/app.efaktura.nl\/#\/login\">WYPR\u00d3BUJ ZA DARMO<\/a><\/div>\n<\/div>\n<\/div>\n<\/div>\n","protected":false},"excerpt":{"rendered":"<p>Pocz\u0105tek roku to dla wielu przedsi\u0119biorc\u00f3w dobry moment na aktualizacj\u0119 strategii dzia\u0142ania, tak\u017ce finansowej. Jako ZZP\u2019er (jednoosobowa firma w Holandii) samodzielnie ustalasz swoj\u0105 stawk\u0119 godzinow\u0105 \u2013 ale czy&#8230;<\/p>\n","protected":false},"author":2,"featured_media":14884,"comment_status":"closed","ping_status":"open","sticky":false,"template":"","format":"standard","meta":{"_acf_changed":false,"_crdt_document":"","inline_featured_image":false,"footnotes":""},"categories":[20,1],"tags":[21,22,36,37],"class_list":["post-2330","post","type-post","status-publish","format-standard","has-post-thumbnail","hentry","category-administracja","category-firma-w-holandii","tag-czas-pracy","tag-godzinowka","tag-rejestracja-czasu-pracy","tag-stawka-godzinowa"],"acf":[],"yoast_head":"<!-- This site is optimized with the Yoast SEO plugin v27.4 - https:\/\/yoast.com\/product\/yoast-seo-wordpress\/ -->\n<title>Jak zwi\u0119kszy\u0107 stawk\u0119 godzinow\u0105? 5 krok\u00f3w, kt\u00f3re dzia\u0142aj\u0105. - eFaktura.nl<\/title>\n<meta name=\"description\" content=\"Jako firma jednoosobowa sam\/a okre\u015blasz w\u0142asn\u0105 stawk\u0119 godzinow\u0105. Cz\u0119sto ta stawka obliczona jest na pocz\u0105tku powstania dzia\u0142alno\u015bci i potem przez wiele lat nie jest zmieniana.\" \/>\n<meta name=\"robots\" content=\"index, follow, max-snippet:-1, max-image-preview:large, max-video-preview:-1\" \/>\n<link rel=\"canonical\" href=\"https:\/\/efaktura.nl\/pl\/jak-zwiekszyc-stawke-godzinowa\/\" \/>\n<meta property=\"og:locale\" content=\"pl_PL\" \/>\n<meta property=\"og:type\" content=\"article\" \/>\n<meta property=\"og:title\" content=\"Jak zwi\u0119kszy\u0107 stawk\u0119 godzinow\u0105? 5 krok\u00f3w, kt\u00f3re dzia\u0142aj\u0105. - eFaktura.nl\" \/>\n<meta property=\"og:description\" content=\"Jako firma jednoosobowa sam\/a okre\u015blasz w\u0142asn\u0105 stawk\u0119 godzinow\u0105. Cz\u0119sto ta stawka obliczona jest na pocz\u0105tku powstania dzia\u0142alno\u015bci i potem przez wiele lat nie jest zmieniana.\" \/>\n<meta property=\"og:url\" content=\"https:\/\/efaktura.nl\/pl\/jak-zwiekszyc-stawke-godzinowa\/\" \/>\n<meta property=\"og:site_name\" content=\"eFaktura.nl\" \/>\n<meta property=\"article:publisher\" content=\"https:\/\/www.facebook.com\/efaktura.nl\" \/>\n<meta property=\"article:published_time\" content=\"2019-01-23T01:38:14+00:00\" \/>\n<meta property=\"article:modified_time\" content=\"2025-08-01T14:51:52+00:00\" \/>\n<meta property=\"og:image\" content=\"https:\/\/efaktura.nl\/wp-content\/uploads\/jak-zwiekszyc-stawke-godzinowa.jpg\" \/>\n\t<meta property=\"og:image:width\" content=\"900\" \/>\n\t<meta property=\"og:image:height\" content=\"600\" \/>\n\t<meta property=\"og:image:type\" content=\"image\/jpeg\" \/>\n<meta name=\"author\" content=\"Pani Karteczka\" \/>\n<meta name=\"twitter:card\" content=\"summary_large_image\" \/>\n<script type=\"application\/ld+json\" class=\"yoast-schema-graph\">{\"@context\":\"https:\\\/\\\/schema.org\",\"@graph\":[{\"@type\":\"Article\",\"@id\":\"https:\\\/\\\/efaktura.nl\\\/pl\\\/jak-zwiekszyc-stawke-godzinowa\\\/#article\",\"isPartOf\":{\"@id\":\"https:\\\/\\\/efaktura.nl\\\/pl\\\/jak-zwiekszyc-stawke-godzinowa\\\/\"},\"author\":{\"name\":\"Pani Karteczka\",\"@id\":\"https:\\\/\\\/efaktura.nl\\\/pl\\\/#\\\/schema\\\/person\\\/1237b641851e6a2c4403a333f367aee3\"},\"headline\":\"Jak zwi\u0119kszy\u0107 stawk\u0119 godzinow\u0105? 5 krok\u00f3w, kt\u00f3re dzia\u0142aj\u0105.\",\"datePublished\":\"2019-01-23T01:38:14+00:00\",\"dateModified\":\"2025-08-01T14:51:52+00:00\",\"mainEntityOfPage\":{\"@id\":\"https:\\\/\\\/efaktura.nl\\\/pl\\\/jak-zwiekszyc-stawke-godzinowa\\\/\"},\"wordCount\":801,\"publisher\":{\"@id\":\"https:\\\/\\\/efaktura.nl\\\/pl\\\/#organization\"},\"image\":{\"@id\":\"https:\\\/\\\/efaktura.nl\\\/pl\\\/jak-zwiekszyc-stawke-godzinowa\\\/#primaryimage\"},\"thumbnailUrl\":\"https:\\\/\\\/efaktura.nl\\\/wp-content\\\/uploads\\\/jak-zwiekszyc-stawke-godzinowa.jpg\",\"keywords\":[\"czas pracy\",\"godzin\u00f3wka\",\"rejestracja czasu pracy\",\"stawka godzinowa\"],\"articleSection\":[\"Administracja\",\"Firma w Holandii\"],\"inLanguage\":\"pl-PL\"},{\"@type\":\"WebPage\",\"@id\":\"https:\\\/\\\/efaktura.nl\\\/pl\\\/jak-zwiekszyc-stawke-godzinowa\\\/\",\"url\":\"https:\\\/\\\/efaktura.nl\\\/pl\\\/jak-zwiekszyc-stawke-godzinowa\\\/\",\"name\":\"Jak zwi\u0119kszy\u0107 stawk\u0119 godzinow\u0105? 5 krok\u00f3w, kt\u00f3re dzia\u0142aj\u0105. - eFaktura.nl\",\"isPartOf\":{\"@id\":\"https:\\\/\\\/efaktura.nl\\\/pl\\\/#website\"},\"primaryImageOfPage\":{\"@id\":\"https:\\\/\\\/efaktura.nl\\\/pl\\\/jak-zwiekszyc-stawke-godzinowa\\\/#primaryimage\"},\"image\":{\"@id\":\"https:\\\/\\\/efaktura.nl\\\/pl\\\/jak-zwiekszyc-stawke-godzinowa\\\/#primaryimage\"},\"thumbnailUrl\":\"https:\\\/\\\/efaktura.nl\\\/wp-content\\\/uploads\\\/jak-zwiekszyc-stawke-godzinowa.jpg\",\"datePublished\":\"2019-01-23T01:38:14+00:00\",\"dateModified\":\"2025-08-01T14:51:52+00:00\",\"description\":\"Jako firma jednoosobowa sam\\\/a okre\u015blasz w\u0142asn\u0105 stawk\u0119 godzinow\u0105. Cz\u0119sto ta stawka obliczona jest na pocz\u0105tku powstania dzia\u0142alno\u015bci i potem przez wiele lat nie jest zmieniana.\",\"breadcrumb\":{\"@id\":\"https:\\\/\\\/efaktura.nl\\\/pl\\\/jak-zwiekszyc-stawke-godzinowa\\\/#breadcrumb\"},\"inLanguage\":\"pl-PL\",\"potentialAction\":[{\"@type\":\"ReadAction\",\"target\":[\"https:\\\/\\\/efaktura.nl\\\/pl\\\/jak-zwiekszyc-stawke-godzinowa\\\/\"]}]},{\"@type\":\"ImageObject\",\"inLanguage\":\"pl-PL\",\"@id\":\"https:\\\/\\\/efaktura.nl\\\/pl\\\/jak-zwiekszyc-stawke-godzinowa\\\/#primaryimage\",\"url\":\"https:\\\/\\\/efaktura.nl\\\/wp-content\\\/uploads\\\/jak-zwiekszyc-stawke-godzinowa.jpg\",\"contentUrl\":\"https:\\\/\\\/efaktura.nl\\\/wp-content\\\/uploads\\\/jak-zwiekszyc-stawke-godzinowa.jpg\",\"width\":900,\"height\":600},{\"@type\":\"BreadcrumbList\",\"@id\":\"https:\\\/\\\/efaktura.nl\\\/pl\\\/jak-zwiekszyc-stawke-godzinowa\\\/#breadcrumb\",\"itemListElement\":[{\"@type\":\"ListItem\",\"position\":1,\"name\":\"Strona g\u0142\u00f3wna\",\"item\":\"https:\\\/\\\/efaktura.nl\\\/pl\\\/new-home\\\/\"},{\"@type\":\"ListItem\",\"position\":2,\"name\":\"Jak zwi\u0119kszy\u0107 stawk\u0119 godzinow\u0105? 5 krok\u00f3w, kt\u00f3re dzia\u0142aj\u0105.\"}]},{\"@type\":\"WebSite\",\"@id\":\"https:\\\/\\\/efaktura.nl\\\/pl\\\/#website\",\"url\":\"https:\\\/\\\/efaktura.nl\\\/pl\\\/\",\"name\":\"eFaktura.nl\",\"description\":\"\",\"publisher\":{\"@id\":\"https:\\\/\\\/efaktura.nl\\\/pl\\\/#organization\"},\"potentialAction\":[{\"@type\":\"SearchAction\",\"target\":{\"@type\":\"EntryPoint\",\"urlTemplate\":\"https:\\\/\\\/efaktura.nl\\\/pl\\\/?s={search_term_string}\"},\"query-input\":{\"@type\":\"PropertyValueSpecification\",\"valueRequired\":true,\"valueName\":\"search_term_string\"}}],\"inLanguage\":\"pl-PL\"},{\"@type\":\"Organization\",\"@id\":\"https:\\\/\\\/efaktura.nl\\\/pl\\\/#organization\",\"name\":\"eFaktura\",\"url\":\"https:\\\/\\\/efaktura.nl\\\/pl\\\/\",\"logo\":{\"@type\":\"ImageObject\",\"inLanguage\":\"pl-PL\",\"@id\":\"https:\\\/\\\/efaktura.nl\\\/pl\\\/#\\\/schema\\\/logo\\\/image\\\/\",\"url\":\"https:\\\/\\\/efaktura.nl\\\/wp-content\\\/uploads\\\/logo-efaktura-25.svg\",\"contentUrl\":\"https:\\\/\\\/efaktura.nl\\\/wp-content\\\/uploads\\\/logo-efaktura-25.svg\",\"width\":264,\"height\":31,\"caption\":\"eFaktura\"},\"image\":{\"@id\":\"https:\\\/\\\/efaktura.nl\\\/pl\\\/#\\\/schema\\\/logo\\\/image\\\/\"},\"sameAs\":[\"https:\\\/\\\/www.facebook.com\\\/efaktura.nl\",\"https:\\\/\\\/www.instagram.com\\\/efaktura.eu\\\/\",\"https:\\\/\\\/www.youtube.com\\\/channel\\\/UCpx6sOnTCmDMkAG2QEyW9PA\"]},{\"@type\":\"Person\",\"@id\":\"https:\\\/\\\/efaktura.nl\\\/pl\\\/#\\\/schema\\\/person\\\/1237b641851e6a2c4403a333f367aee3\",\"name\":\"Pani Karteczka\"}]}<\/script>\n<!-- \/ Yoast SEO plugin. -->","yoast_head_json":{"title":"Jak zwi\u0119kszy\u0107 stawk\u0119 godzinow\u0105? 5 krok\u00f3w, kt\u00f3re dzia\u0142aj\u0105. - eFaktura.nl","description":"Jako firma jednoosobowa sam\/a okre\u015blasz w\u0142asn\u0105 stawk\u0119 godzinow\u0105. Cz\u0119sto ta stawka obliczona jest na pocz\u0105tku powstania dzia\u0142alno\u015bci i potem przez wiele lat nie jest zmieniana.","robots":{"index":"index","follow":"follow","max-snippet":"max-snippet:-1","max-image-preview":"max-image-preview:large","max-video-preview":"max-video-preview:-1"},"canonical":"https:\/\/efaktura.nl\/pl\/jak-zwiekszyc-stawke-godzinowa\/","og_locale":"pl_PL","og_type":"article","og_title":"Jak zwi\u0119kszy\u0107 stawk\u0119 godzinow\u0105? 5 krok\u00f3w, kt\u00f3re dzia\u0142aj\u0105. - eFaktura.nl","og_description":"Jako firma jednoosobowa sam\/a okre\u015blasz w\u0142asn\u0105 stawk\u0119 godzinow\u0105. Cz\u0119sto ta stawka obliczona jest na pocz\u0105tku powstania dzia\u0142alno\u015bci i potem przez wiele lat nie jest zmieniana.","og_url":"https:\/\/efaktura.nl\/pl\/jak-zwiekszyc-stawke-godzinowa\/","og_site_name":"eFaktura.nl","article_publisher":"https:\/\/www.facebook.com\/efaktura.nl","article_published_time":"2019-01-23T01:38:14+00:00","article_modified_time":"2025-08-01T14:51:52+00:00","og_image":[{"width":900,"height":600,"url":"https:\/\/efaktura.nl\/wp-content\/uploads\/jak-zwiekszyc-stawke-godzinowa.jpg","type":"image\/jpeg"}],"author":"Pani Karteczka","twitter_card":"summary_large_image","schema":{"@context":"https:\/\/schema.org","@graph":[{"@type":"Article","@id":"https:\/\/efaktura.nl\/pl\/jak-zwiekszyc-stawke-godzinowa\/#article","isPartOf":{"@id":"https:\/\/efaktura.nl\/pl\/jak-zwiekszyc-stawke-godzinowa\/"},"author":{"name":"Pani Karteczka","@id":"https:\/\/efaktura.nl\/pl\/#\/schema\/person\/1237b641851e6a2c4403a333f367aee3"},"headline":"Jak zwi\u0119kszy\u0107 stawk\u0119 godzinow\u0105? 5 krok\u00f3w, kt\u00f3re dzia\u0142aj\u0105.","datePublished":"2019-01-23T01:38:14+00:00","dateModified":"2025-08-01T14:51:52+00:00","mainEntityOfPage":{"@id":"https:\/\/efaktura.nl\/pl\/jak-zwiekszyc-stawke-godzinowa\/"},"wordCount":801,"publisher":{"@id":"https:\/\/efaktura.nl\/pl\/#organization"},"image":{"@id":"https:\/\/efaktura.nl\/pl\/jak-zwiekszyc-stawke-godzinowa\/#primaryimage"},"thumbnailUrl":"https:\/\/efaktura.nl\/wp-content\/uploads\/jak-zwiekszyc-stawke-godzinowa.jpg","keywords":["czas pracy","godzin\u00f3wka","rejestracja czasu pracy","stawka godzinowa"],"articleSection":["Administracja","Firma w Holandii"],"inLanguage":"pl-PL"},{"@type":"WebPage","@id":"https:\/\/efaktura.nl\/pl\/jak-zwiekszyc-stawke-godzinowa\/","url":"https:\/\/efaktura.nl\/pl\/jak-zwiekszyc-stawke-godzinowa\/","name":"Jak zwi\u0119kszy\u0107 stawk\u0119 godzinow\u0105? 5 krok\u00f3w, kt\u00f3re dzia\u0142aj\u0105. - eFaktura.nl","isPartOf":{"@id":"https:\/\/efaktura.nl\/pl\/#website"},"primaryImageOfPage":{"@id":"https:\/\/efaktura.nl\/pl\/jak-zwiekszyc-stawke-godzinowa\/#primaryimage"},"image":{"@id":"https:\/\/efaktura.nl\/pl\/jak-zwiekszyc-stawke-godzinowa\/#primaryimage"},"thumbnailUrl":"https:\/\/efaktura.nl\/wp-content\/uploads\/jak-zwiekszyc-stawke-godzinowa.jpg","datePublished":"2019-01-23T01:38:14+00:00","dateModified":"2025-08-01T14:51:52+00:00","description":"Jako firma jednoosobowa sam\/a okre\u015blasz w\u0142asn\u0105 stawk\u0119 godzinow\u0105. Cz\u0119sto ta stawka obliczona jest na pocz\u0105tku powstania dzia\u0142alno\u015bci i potem przez wiele lat nie jest zmieniana.","breadcrumb":{"@id":"https:\/\/efaktura.nl\/pl\/jak-zwiekszyc-stawke-godzinowa\/#breadcrumb"},"inLanguage":"pl-PL","potentialAction":[{"@type":"ReadAction","target":["https:\/\/efaktura.nl\/pl\/jak-zwiekszyc-stawke-godzinowa\/"]}]},{"@type":"ImageObject","inLanguage":"pl-PL","@id":"https:\/\/efaktura.nl\/pl\/jak-zwiekszyc-stawke-godzinowa\/#primaryimage","url":"https:\/\/efaktura.nl\/wp-content\/uploads\/jak-zwiekszyc-stawke-godzinowa.jpg","contentUrl":"https:\/\/efaktura.nl\/wp-content\/uploads\/jak-zwiekszyc-stawke-godzinowa.jpg","width":900,"height":600},{"@type":"BreadcrumbList","@id":"https:\/\/efaktura.nl\/pl\/jak-zwiekszyc-stawke-godzinowa\/#breadcrumb","itemListElement":[{"@type":"ListItem","position":1,"name":"Strona g\u0142\u00f3wna","item":"https:\/\/efaktura.nl\/pl\/new-home\/"},{"@type":"ListItem","position":2,"name":"Jak zwi\u0119kszy\u0107 stawk\u0119 godzinow\u0105? 5 krok\u00f3w, kt\u00f3re dzia\u0142aj\u0105."}]},{"@type":"WebSite","@id":"https:\/\/efaktura.nl\/pl\/#website","url":"https:\/\/efaktura.nl\/pl\/","name":"eFaktura.nl","description":"","publisher":{"@id":"https:\/\/efaktura.nl\/pl\/#organization"},"potentialAction":[{"@type":"SearchAction","target":{"@type":"EntryPoint","urlTemplate":"https:\/\/efaktura.nl\/pl\/?s={search_term_string}"},"query-input":{"@type":"PropertyValueSpecification","valueRequired":true,"valueName":"search_term_string"}}],"inLanguage":"pl-PL"},{"@type":"Organization","@id":"https:\/\/efaktura.nl\/pl\/#organization","name":"eFaktura","url":"https:\/\/efaktura.nl\/pl\/","logo":{"@type":"ImageObject","inLanguage":"pl-PL","@id":"https:\/\/efaktura.nl\/pl\/#\/schema\/logo\/image\/","url":"https:\/\/efaktura.nl\/wp-content\/uploads\/logo-efaktura-25.svg","contentUrl":"https:\/\/efaktura.nl\/wp-content\/uploads\/logo-efaktura-25.svg","width":264,"height":31,"caption":"eFaktura"},"image":{"@id":"https:\/\/efaktura.nl\/pl\/#\/schema\/logo\/image\/"},"sameAs":["https:\/\/www.facebook.com\/efaktura.nl","https:\/\/www.instagram.com\/efaktura.eu\/","https:\/\/www.youtube.com\/channel\/UCpx6sOnTCmDMkAG2QEyW9PA"]},{"@type":"Person","@id":"https:\/\/efaktura.nl\/pl\/#\/schema\/person\/1237b641851e6a2c4403a333f367aee3","name":"Pani Karteczka"}]}},"_links":{"self":[{"href":"https:\/\/efaktura.nl\/pl\/wp-json\/wp\/v2\/posts\/2330","targetHints":{"allow":["GET"]}}],"collection":[{"href":"https:\/\/efaktura.nl\/pl\/wp-json\/wp\/v2\/posts"}],"about":[{"href":"https:\/\/efaktura.nl\/pl\/wp-json\/wp\/v2\/types\/post"}],"author":[{"embeddable":true,"href":"https:\/\/efaktura.nl\/pl\/wp-json\/wp\/v2\/users\/2"}],"replies":[{"embeddable":true,"href":"https:\/\/efaktura.nl\/pl\/wp-json\/wp\/v2\/comments?post=2330"}],"version-history":[{"count":1,"href":"https:\/\/efaktura.nl\/pl\/wp-json\/wp\/v2\/posts\/2330\/revisions"}],"predecessor-version":[{"id":36698,"href":"https:\/\/efaktura.nl\/pl\/wp-json\/wp\/v2\/posts\/2330\/revisions\/36698"}],"wp:featuredmedia":[{"embeddable":true,"href":"https:\/\/efaktura.nl\/pl\/wp-json\/wp\/v2\/media\/14884"}],"wp:attachment":[{"href":"https:\/\/efaktura.nl\/pl\/wp-json\/wp\/v2\/media?parent=2330"}],"wp:term":[{"taxonomy":"category","embeddable":true,"href":"https:\/\/efaktura.nl\/pl\/wp-json\/wp\/v2\/categories?post=2330"},{"taxonomy":"post_tag","embeddable":true,"href":"https:\/\/efaktura.nl\/pl\/wp-json\/wp\/v2\/tags?post=2330"}],"curies":[{"name":"wp","href":"https:\/\/api.w.org\/{rel}","templated":true}]}}