{"id":24830,"date":"2023-11-13T08:08:58","date_gmt":"2023-11-13T07:08:58","guid":{"rendered":"https:\/\/efaktura.nl\/?p=24830"},"modified":"2025-07-18T15:51:27","modified_gmt":"2025-07-18T13:51:27","slug":"dodaj-zalacznik-do-faktury-i-oferty","status":"publish","type":"post","link":"https:\/\/efaktura.nl\/pl\/dodaj-zalacznik-do-faktury-i-oferty\/","title":{"rendered":"Dodaj za\u0142\u0105cznik do faktury i oferty"},"content":{"rendered":"\n<div class=\"wp-block-columns is-layout-flex wp-container-core-columns-is-layout-8f761849 wp-block-columns-is-layout-flex\">\n<div class=\"wp-block-column is-vertically-aligned-center is-layout-flow wp-block-column-is-layout-flow\" style=\"--col-width:33.33%;flex-basis:33.33%\">\n<figure class=\"wp-block-image size-full\"><img loading=\"lazy\" decoding=\"async\" width=\"497\" height=\"381\" src=\"https:\/\/efaktura.nl\/wp-content\/uploads\/Zrzut-ekranu-2023-11-07-094858.jpg\" alt=\"\" class=\"wp-image-24837\" srcset=\"https:\/\/efaktura.nl\/wp-content\/uploads\/Zrzut-ekranu-2023-11-07-094858.jpg 497w, https:\/\/efaktura.nl\/wp-content\/uploads\/Zrzut-ekranu-2023-11-07-094858-300x230.jpg 300w\" sizes=\"auto, (max-width: 497px) 100vw, 497px\" \/><\/figure>\n<\/div>\n\n\n\n<div class=\"wp-block-column is-vertically-aligned-center is-layout-flow wp-block-column-is-layout-flow\" style=\"--col-width:66.66%;flex-basis:66.66%\">\n<h2 class=\"wp-block-heading\">DODAJ ZA\u0141\u0104CZNIK<br>wysy\u0142aj\u0105c ofert\u0119 i faktur\u0119 do klienta.<\/h2>\n\n\n\n<p class=\"wp-block-paragraph\">Chcesz uzupe\u0142ni\u0107 ofert\u0119 o dodatkowe informacje?<br>Do faktury dla klienta chcesz doda\u0107 wykaz przepracowanych godzin?<\/p>\n\n\n\n<p class=\"wp-block-paragraph\">Dodaj za\u0142\u0105cznik w eFaktura.nl!<\/p>\n<\/div>\n<\/div>\n\n\n\n<h3 class=\"wp-block-heading\">Kiedy przyda Ci si\u0119 funkcja DODAJ ZA\u0141\u0104CZNIK?<\/h3>\n\n\n\n<p class=\"wp-block-paragraph\">W przypadku OFERTY mo\u017cesz za\u0142\u0105czy\u0107 na przyk\u0142ad:<\/p>\n\n\n\n<ul class=\"wp-block-list\">\n<li>warunki wsp\u00f3\u0142pracy lub umow\u0119,<\/li>\n\n\n\n<li>kalkulacj\u0119 koszt\u00f3w materia\u0142\u00f3w,<\/li>\n\n\n\n<li>rzut techniczny budynku, kt\u00f3rego dotyczy zlecenie,<\/li>\n\n\n\n<li>zdj\u0119cia zrealizowanych projekt\u00f3w, \u017ceby dodatkowo zach\u0119ci\u0107 do skorzystania z oferty.<\/li>\n<\/ul>\n\n\n\n<p class=\"wp-block-paragraph\">W przypadku FAKTURY u\u017cyj za\u0142\u0105cznika, kiedy:<\/p>\n\n\n\n<ul class=\"wp-block-list\">\n<li>chcesz wys\u0142a\u0107 klientowi wykaz z godzinami pracy,<\/li>\n\n\n\n<li>chcesz rozliczy\u0107 poniesione koszty dojazdu na zlecenie,<\/li>\n\n\n\n<li>wykaza\u0107 paragony za zakupy potrzebne do realizacji projektu.<\/li>\n<\/ul>\n\n\n\n<p class=\"wp-block-paragraph\"><strong>Funkcja dost\u0119pna dla u\u017cytkownik\u00f3w pakietu PRO.<\/strong><\/p>\n\n\n\n<div class=\"wp-block-buttons is-content-justification-center is-layout-flex wp-container-core-buttons-is-layout-fe48e5de wp-block-buttons-is-layout-flex\">\n<div class=\"wp-block-button\"><a class=\"wp-block-button__link has-text-align-center wp-element-button\" href=\"https:\/\/app.efaktura.nl\/#\/invoices\/new\">sprawd\u017a jak to dzia\u0142a<\/a><\/div>\n<\/div>\n","protected":false},"excerpt":{"rendered":"<p>DODAJ ZA\u0141\u0104CZNIKwysy\u0142aj\u0105c ofert\u0119 i faktur\u0119 do klienta. Chcesz uzupe\u0142ni\u0107 ofert\u0119 o dodatkowe informacje?Do faktury dla klienta chcesz doda\u0107 wykaz przepracowanych godzin? Dodaj za\u0142\u0105cznik w eFaktura.nl! Kiedy przyda Ci&#8230;<\/p>\n","protected":false},"author":7,"featured_media":24831,"comment_status":"closed","ping_status":"closed","sticky":false,"template":"","format":"standard","meta":{"_acf_changed":false,"_crdt_document":"","inline_featured_image":false,"footnotes":""},"categories":[63],"tags":[62],"class_list":["post-24830","post","type-post","status-publish","format-standard","has-post-thumbnail","hentry","category-systemowe","tag-pokaz-w-systemie"],"acf":[],"yoast_head":"<!-- This site is optimized with the Yoast SEO plugin v27.4 - https:\/\/yoast.com\/product\/yoast-seo-wordpress\/ -->\n<title>Dodaj za\u0142\u0105cznik do faktury i oferty - eFaktura.nl<\/title>\n<meta name=\"description\" content=\"Chcesz uzupe\u0142ni\u0107 ofert\u0119 o dodatkowe informacje? Do faktury dla klienta chcesz doda\u0107 wykaz przepracowanych godzin? Dodaj za\u0142\u0105cznik.\" \/>\n<meta name=\"robots\" content=\"index, follow, max-snippet:-1, max-image-preview:large, max-video-preview:-1\" \/>\n<link rel=\"canonical\" href=\"https:\/\/efaktura.nl\/pl\/dodaj-zalacznik-do-faktury-i-oferty\/\" \/>\n<meta property=\"og:locale\" content=\"pl_PL\" \/>\n<meta property=\"og:type\" content=\"article\" \/>\n<meta property=\"og:title\" content=\"Dodaj za\u0142\u0105cznik do faktury i oferty - eFaktura.nl\" \/>\n<meta property=\"og:description\" content=\"Chcesz uzupe\u0142ni\u0107 ofert\u0119 o dodatkowe informacje? Do faktury dla klienta chcesz doda\u0107 wykaz przepracowanych godzin? Dodaj za\u0142\u0105cznik.\" \/>\n<meta property=\"og:url\" content=\"https:\/\/efaktura.nl\/pl\/dodaj-zalacznik-do-faktury-i-oferty\/\" \/>\n<meta property=\"og:site_name\" content=\"eFaktura.nl\" \/>\n<meta property=\"article:publisher\" content=\"https:\/\/www.facebook.com\/efaktura.nl\" \/>\n<meta property=\"article:published_time\" content=\"2023-11-13T07:08:58+00:00\" \/>\n<meta property=\"article:modified_time\" content=\"2025-07-18T13:51:27+00:00\" \/>\n<meta property=\"og:image\" content=\"https:\/\/efaktura.nl\/wp-content\/uploads\/zalacznik-do-faktury.jpg\" \/>\n\t<meta property=\"og:image:width\" content=\"900\" \/>\n\t<meta property=\"og:image:height\" content=\"600\" \/>\n\t<meta property=\"og:image:type\" content=\"image\/jpeg\" \/>\n<meta name=\"author\" content=\"Maciek\" \/>\n<meta name=\"twitter:card\" content=\"summary_large_image\" \/>\n<script type=\"application\/ld+json\" class=\"yoast-schema-graph\">{\"@context\":\"https:\\\/\\\/schema.org\",\"@graph\":[{\"@type\":\"Article\",\"@id\":\"https:\\\/\\\/efaktura.nl\\\/pl\\\/dodaj-zalacznik-do-faktury-i-oferty\\\/#article\",\"isPartOf\":{\"@id\":\"https:\\\/\\\/efaktura.nl\\\/pl\\\/dodaj-zalacznik-do-faktury-i-oferty\\\/\"},\"author\":{\"name\":\"Maciek\",\"@id\":\"https:\\\/\\\/efaktura.nl\\\/pl\\\/#\\\/schema\\\/person\\\/4da2677ea7ed983092a556a970c7b3e1\"},\"headline\":\"Dodaj za\u0142\u0105cznik do faktury i oferty\",\"datePublished\":\"2023-11-13T07:08:58+00:00\",\"dateModified\":\"2025-07-18T13:51:27+00:00\",\"mainEntityOfPage\":{\"@id\":\"https:\\\/\\\/efaktura.nl\\\/pl\\\/dodaj-zalacznik-do-faktury-i-oferty\\\/\"},\"wordCount\":132,\"publisher\":{\"@id\":\"https:\\\/\\\/efaktura.nl\\\/pl\\\/#organization\"},\"image\":{\"@id\":\"https:\\\/\\\/efaktura.nl\\\/pl\\\/dodaj-zalacznik-do-faktury-i-oferty\\\/#primaryimage\"},\"thumbnailUrl\":\"https:\\\/\\\/efaktura.nl\\\/wp-content\\\/uploads\\\/zalacznik-do-faktury.jpg\",\"keywords\":[\"poka\u017c-w-systemie\"],\"articleSection\":[\"Systemowe\"],\"inLanguage\":\"pl-PL\"},{\"@type\":\"WebPage\",\"@id\":\"https:\\\/\\\/efaktura.nl\\\/pl\\\/dodaj-zalacznik-do-faktury-i-oferty\\\/\",\"url\":\"https:\\\/\\\/efaktura.nl\\\/pl\\\/dodaj-zalacznik-do-faktury-i-oferty\\\/\",\"name\":\"Dodaj za\u0142\u0105cznik do faktury i oferty - eFaktura.nl\",\"isPartOf\":{\"@id\":\"https:\\\/\\\/efaktura.nl\\\/pl\\\/#website\"},\"primaryImageOfPage\":{\"@id\":\"https:\\\/\\\/efaktura.nl\\\/pl\\\/dodaj-zalacznik-do-faktury-i-oferty\\\/#primaryimage\"},\"image\":{\"@id\":\"https:\\\/\\\/efaktura.nl\\\/pl\\\/dodaj-zalacznik-do-faktury-i-oferty\\\/#primaryimage\"},\"thumbnailUrl\":\"https:\\\/\\\/efaktura.nl\\\/wp-content\\\/uploads\\\/zalacznik-do-faktury.jpg\",\"datePublished\":\"2023-11-13T07:08:58+00:00\",\"dateModified\":\"2025-07-18T13:51:27+00:00\",\"description\":\"Chcesz uzupe\u0142ni\u0107 ofert\u0119 o dodatkowe informacje? Do faktury dla klienta chcesz doda\u0107 wykaz przepracowanych godzin? Dodaj za\u0142\u0105cznik.\",\"breadcrumb\":{\"@id\":\"https:\\\/\\\/efaktura.nl\\\/pl\\\/dodaj-zalacznik-do-faktury-i-oferty\\\/#breadcrumb\"},\"inLanguage\":\"pl-PL\",\"potentialAction\":[{\"@type\":\"ReadAction\",\"target\":[\"https:\\\/\\\/efaktura.nl\\\/pl\\\/dodaj-zalacznik-do-faktury-i-oferty\\\/\"]}]},{\"@type\":\"ImageObject\",\"inLanguage\":\"pl-PL\",\"@id\":\"https:\\\/\\\/efaktura.nl\\\/pl\\\/dodaj-zalacznik-do-faktury-i-oferty\\\/#primaryimage\",\"url\":\"https:\\\/\\\/efaktura.nl\\\/wp-content\\\/uploads\\\/zalacznik-do-faktury.jpg\",\"contentUrl\":\"https:\\\/\\\/efaktura.nl\\\/wp-content\\\/uploads\\\/zalacznik-do-faktury.jpg\",\"width\":900,\"height\":600,\"caption\":\"Za\u0142\u0105cznik do faktury i oferty\"},{\"@type\":\"BreadcrumbList\",\"@id\":\"https:\\\/\\\/efaktura.nl\\\/pl\\\/dodaj-zalacznik-do-faktury-i-oferty\\\/#breadcrumb\",\"itemListElement\":[{\"@type\":\"ListItem\",\"position\":1,\"name\":\"Strona g\u0142\u00f3wna\",\"item\":\"https:\\\/\\\/efaktura.nl\\\/pl\\\/new-home\\\/\"},{\"@type\":\"ListItem\",\"position\":2,\"name\":\"Dodaj za\u0142\u0105cznik do faktury i oferty\"}]},{\"@type\":\"WebSite\",\"@id\":\"https:\\\/\\\/efaktura.nl\\\/pl\\\/#website\",\"url\":\"https:\\\/\\\/efaktura.nl\\\/pl\\\/\",\"name\":\"eFaktura.nl\",\"description\":\"\",\"publisher\":{\"@id\":\"https:\\\/\\\/efaktura.nl\\\/pl\\\/#organization\"},\"potentialAction\":[{\"@type\":\"SearchAction\",\"target\":{\"@type\":\"EntryPoint\",\"urlTemplate\":\"https:\\\/\\\/efaktura.nl\\\/pl\\\/?s={search_term_string}\"},\"query-input\":{\"@type\":\"PropertyValueSpecification\",\"valueRequired\":true,\"valueName\":\"search_term_string\"}}],\"inLanguage\":\"pl-PL\"},{\"@type\":\"Organization\",\"@id\":\"https:\\\/\\\/efaktura.nl\\\/pl\\\/#organization\",\"name\":\"eFaktura\",\"url\":\"https:\\\/\\\/efaktura.nl\\\/pl\\\/\",\"logo\":{\"@type\":\"ImageObject\",\"inLanguage\":\"pl-PL\",\"@id\":\"https:\\\/\\\/efaktura.nl\\\/pl\\\/#\\\/schema\\\/logo\\\/image\\\/\",\"url\":\"https:\\\/\\\/efaktura.nl\\\/wp-content\\\/uploads\\\/logo-efaktura-25.svg\",\"contentUrl\":\"https:\\\/\\\/efaktura.nl\\\/wp-content\\\/uploads\\\/logo-efaktura-25.svg\",\"width\":264,\"height\":31,\"caption\":\"eFaktura\"},\"image\":{\"@id\":\"https:\\\/\\\/efaktura.nl\\\/pl\\\/#\\\/schema\\\/logo\\\/image\\\/\"},\"sameAs\":[\"https:\\\/\\\/www.facebook.com\\\/efaktura.nl\",\"https:\\\/\\\/www.instagram.com\\\/efaktura.eu\\\/\",\"https:\\\/\\\/www.youtube.com\\\/channel\\\/UCpx6sOnTCmDMkAG2QEyW9PA\"]},{\"@type\":\"Person\",\"@id\":\"https:\\\/\\\/efaktura.nl\\\/pl\\\/#\\\/schema\\\/person\\\/4da2677ea7ed983092a556a970c7b3e1\",\"name\":\"Maciek\",\"sameAs\":[\"http:\\\/\\\/www.hedea.pl\"]}]}<\/script>\n<!-- \/ Yoast SEO plugin. -->","yoast_head_json":{"title":"Dodaj za\u0142\u0105cznik do faktury i oferty - eFaktura.nl","description":"Chcesz uzupe\u0142ni\u0107 ofert\u0119 o dodatkowe informacje? Do faktury dla klienta chcesz doda\u0107 wykaz przepracowanych godzin? Dodaj za\u0142\u0105cznik.","robots":{"index":"index","follow":"follow","max-snippet":"max-snippet:-1","max-image-preview":"max-image-preview:large","max-video-preview":"max-video-preview:-1"},"canonical":"https:\/\/efaktura.nl\/pl\/dodaj-zalacznik-do-faktury-i-oferty\/","og_locale":"pl_PL","og_type":"article","og_title":"Dodaj za\u0142\u0105cznik do faktury i oferty - eFaktura.nl","og_description":"Chcesz uzupe\u0142ni\u0107 ofert\u0119 o dodatkowe informacje? Do faktury dla klienta chcesz doda\u0107 wykaz przepracowanych godzin? Dodaj za\u0142\u0105cznik.","og_url":"https:\/\/efaktura.nl\/pl\/dodaj-zalacznik-do-faktury-i-oferty\/","og_site_name":"eFaktura.nl","article_publisher":"https:\/\/www.facebook.com\/efaktura.nl","article_published_time":"2023-11-13T07:08:58+00:00","article_modified_time":"2025-07-18T13:51:27+00:00","og_image":[{"width":900,"height":600,"url":"https:\/\/efaktura.nl\/wp-content\/uploads\/zalacznik-do-faktury.jpg","type":"image\/jpeg"}],"author":"Maciek","twitter_card":"summary_large_image","schema":{"@context":"https:\/\/schema.org","@graph":[{"@type":"Article","@id":"https:\/\/efaktura.nl\/pl\/dodaj-zalacznik-do-faktury-i-oferty\/#article","isPartOf":{"@id":"https:\/\/efaktura.nl\/pl\/dodaj-zalacznik-do-faktury-i-oferty\/"},"author":{"name":"Maciek","@id":"https:\/\/efaktura.nl\/pl\/#\/schema\/person\/4da2677ea7ed983092a556a970c7b3e1"},"headline":"Dodaj za\u0142\u0105cznik do faktury i oferty","datePublished":"2023-11-13T07:08:58+00:00","dateModified":"2025-07-18T13:51:27+00:00","mainEntityOfPage":{"@id":"https:\/\/efaktura.nl\/pl\/dodaj-zalacznik-do-faktury-i-oferty\/"},"wordCount":132,"publisher":{"@id":"https:\/\/efaktura.nl\/pl\/#organization"},"image":{"@id":"https:\/\/efaktura.nl\/pl\/dodaj-zalacznik-do-faktury-i-oferty\/#primaryimage"},"thumbnailUrl":"https:\/\/efaktura.nl\/wp-content\/uploads\/zalacznik-do-faktury.jpg","keywords":["poka\u017c-w-systemie"],"articleSection":["Systemowe"],"inLanguage":"pl-PL"},{"@type":"WebPage","@id":"https:\/\/efaktura.nl\/pl\/dodaj-zalacznik-do-faktury-i-oferty\/","url":"https:\/\/efaktura.nl\/pl\/dodaj-zalacznik-do-faktury-i-oferty\/","name":"Dodaj za\u0142\u0105cznik do faktury i oferty - eFaktura.nl","isPartOf":{"@id":"https:\/\/efaktura.nl\/pl\/#website"},"primaryImageOfPage":{"@id":"https:\/\/efaktura.nl\/pl\/dodaj-zalacznik-do-faktury-i-oferty\/#primaryimage"},"image":{"@id":"https:\/\/efaktura.nl\/pl\/dodaj-zalacznik-do-faktury-i-oferty\/#primaryimage"},"thumbnailUrl":"https:\/\/efaktura.nl\/wp-content\/uploads\/zalacznik-do-faktury.jpg","datePublished":"2023-11-13T07:08:58+00:00","dateModified":"2025-07-18T13:51:27+00:00","description":"Chcesz uzupe\u0142ni\u0107 ofert\u0119 o dodatkowe informacje? Do faktury dla klienta chcesz doda\u0107 wykaz przepracowanych godzin? Dodaj za\u0142\u0105cznik.","breadcrumb":{"@id":"https:\/\/efaktura.nl\/pl\/dodaj-zalacznik-do-faktury-i-oferty\/#breadcrumb"},"inLanguage":"pl-PL","potentialAction":[{"@type":"ReadAction","target":["https:\/\/efaktura.nl\/pl\/dodaj-zalacznik-do-faktury-i-oferty\/"]}]},{"@type":"ImageObject","inLanguage":"pl-PL","@id":"https:\/\/efaktura.nl\/pl\/dodaj-zalacznik-do-faktury-i-oferty\/#primaryimage","url":"https:\/\/efaktura.nl\/wp-content\/uploads\/zalacznik-do-faktury.jpg","contentUrl":"https:\/\/efaktura.nl\/wp-content\/uploads\/zalacznik-do-faktury.jpg","width":900,"height":600,"caption":"Za\u0142\u0105cznik do faktury i oferty"},{"@type":"BreadcrumbList","@id":"https:\/\/efaktura.nl\/pl\/dodaj-zalacznik-do-faktury-i-oferty\/#breadcrumb","itemListElement":[{"@type":"ListItem","position":1,"name":"Strona g\u0142\u00f3wna","item":"https:\/\/efaktura.nl\/pl\/new-home\/"},{"@type":"ListItem","position":2,"name":"Dodaj za\u0142\u0105cznik do faktury i oferty"}]},{"@type":"WebSite","@id":"https:\/\/efaktura.nl\/pl\/#website","url":"https:\/\/efaktura.nl\/pl\/","name":"eFaktura.nl","description":"","publisher":{"@id":"https:\/\/efaktura.nl\/pl\/#organization"},"potentialAction":[{"@type":"SearchAction","target":{"@type":"EntryPoint","urlTemplate":"https:\/\/efaktura.nl\/pl\/?s={search_term_string}"},"query-input":{"@type":"PropertyValueSpecification","valueRequired":true,"valueName":"search_term_string"}}],"inLanguage":"pl-PL"},{"@type":"Organization","@id":"https:\/\/efaktura.nl\/pl\/#organization","name":"eFaktura","url":"https:\/\/efaktura.nl\/pl\/","logo":{"@type":"ImageObject","inLanguage":"pl-PL","@id":"https:\/\/efaktura.nl\/pl\/#\/schema\/logo\/image\/","url":"https:\/\/efaktura.nl\/wp-content\/uploads\/logo-efaktura-25.svg","contentUrl":"https:\/\/efaktura.nl\/wp-content\/uploads\/logo-efaktura-25.svg","width":264,"height":31,"caption":"eFaktura"},"image":{"@id":"https:\/\/efaktura.nl\/pl\/#\/schema\/logo\/image\/"},"sameAs":["https:\/\/www.facebook.com\/efaktura.nl","https:\/\/www.instagram.com\/efaktura.eu\/","https:\/\/www.youtube.com\/channel\/UCpx6sOnTCmDMkAG2QEyW9PA"]},{"@type":"Person","@id":"https:\/\/efaktura.nl\/pl\/#\/schema\/person\/4da2677ea7ed983092a556a970c7b3e1","name":"Maciek","sameAs":["http:\/\/www.hedea.pl"]}]}},"_links":{"self":[{"href":"https:\/\/efaktura.nl\/pl\/wp-json\/wp\/v2\/posts\/24830","targetHints":{"allow":["GET"]}}],"collection":[{"href":"https:\/\/efaktura.nl\/pl\/wp-json\/wp\/v2\/posts"}],"about":[{"href":"https:\/\/efaktura.nl\/pl\/wp-json\/wp\/v2\/types\/post"}],"author":[{"embeddable":true,"href":"https:\/\/efaktura.nl\/pl\/wp-json\/wp\/v2\/users\/7"}],"replies":[{"embeddable":true,"href":"https:\/\/efaktura.nl\/pl\/wp-json\/wp\/v2\/comments?post=24830"}],"version-history":[{"count":1,"href":"https:\/\/efaktura.nl\/pl\/wp-json\/wp\/v2\/posts\/24830\/revisions"}],"predecessor-version":[{"id":36253,"href":"https:\/\/efaktura.nl\/pl\/wp-json\/wp\/v2\/posts\/24830\/revisions\/36253"}],"wp:featuredmedia":[{"embeddable":true,"href":"https:\/\/efaktura.nl\/pl\/wp-json\/wp\/v2\/media\/24831"}],"wp:attachment":[{"href":"https:\/\/efaktura.nl\/pl\/wp-json\/wp\/v2\/media?parent=24830"}],"wp:term":[{"taxonomy":"category","embeddable":true,"href":"https:\/\/efaktura.nl\/pl\/wp-json\/wp\/v2\/categories?post=24830"},{"taxonomy":"post_tag","embeddable":true,"href":"https:\/\/efaktura.nl\/pl\/wp-json\/wp\/v2\/tags?post=24830"}],"curies":[{"name":"wp","href":"https:\/\/api.w.org\/{rel}","templated":true}]}}