{"id":24994,"date":"2023-12-12T15:11:24","date_gmt":"2023-12-12T14:11:24","guid":{"rendered":"https:\/\/efaktura.nl\/?p=24994"},"modified":"2023-12-12T15:11:26","modified_gmt":"2023-12-12T14:11:26","slug":"dopasuj-kolor-szablonu-faktury","status":"publish","type":"post","link":"https:\/\/efaktura.nl\/pl\/dopasuj-kolor-szablonu-faktury\/","title":{"rendered":"Dopasuj kolor szablonu faktury."},"content":{"rendered":"\n<div class=\"wp-block-columns is-layout-flex wp-container-core-columns-is-layout-8f761849 wp-block-columns-is-layout-flex\">\n<div class=\"wp-block-column is-vertically-aligned-center is-layout-flow wp-block-column-is-layout-flow\" style=\"--col-width:33.33%;flex-basis:33.33%\">\n<figure class=\"wp-block-image size-full\"><img loading=\"lazy\" decoding=\"async\" width=\"512\" height=\"315\" src=\"https:\/\/efaktura.nl\/wp-content\/uploads\/Zrzut-ekranu-2023-12-01-124448.png\" alt=\"szablon faktur\" class=\"wp-image-25001\" srcset=\"https:\/\/efaktura.nl\/wp-content\/uploads\/Zrzut-ekranu-2023-12-01-124448.png 512w, https:\/\/efaktura.nl\/wp-content\/uploads\/Zrzut-ekranu-2023-12-01-124448-300x185.png 300w\" sizes=\"auto, (max-width: 512px) 100vw, 512px\" \/><\/figure>\n<\/div>\n\n\n\n<div class=\"wp-block-column is-vertically-aligned-center is-layout-flow wp-block-column-is-layout-flow\" style=\"--col-width:66.66%;flex-basis:66.66%\">\n<h2 class=\"wp-block-heading\">Wyr\u00f3\u017cnij swoje dokumenty!<\/h2>\n\n\n\n<p class=\"wp-block-paragraph\">Opr\u00f3cz dodatnia logo mo\u017cesz teraz wybra\u0107 jeden z siedmiu szablon\u00f3w kolorystycznych dla Twoich dokument\u00f3w w eFaktura.nl.<\/p>\n<\/div>\n<\/div>\n\n\n\n<h3 class=\"wp-block-heading\"><strong>Jak wybra\u0107 sw\u00f3j kolor w eFaktura.nl?<\/strong><\/h3>\n\n\n\n<ul class=\"wp-block-list\">\n<li>Wejd\u017a w zak\u0142adk\u0119 USTAWIENIA &gt; Ustawienia faktury <\/li>\n\n\n\n<li>Wybierz sw\u00f3j ulubiony kolor spo\u015br\u00f3d dost\u0119pnych opcji<\/li>\n\n\n\n<li>Zapisz zmian\u0119<\/li>\n<\/ul>\n\n\n\n<h3 class=\"wp-block-heading\"><strong>Ciekawy czy pasuje? <\/strong><\/h3>\n\n\n\n<p class=\"wp-block-paragraph\">Przejd\u017a do zak\u0142adki FAKTURY i skorzystaj z podgl\u0105du dokumentu.&nbsp;<\/p>\n\n\n\n<h3 class=\"wp-block-heading\"><strong>Tutaj nie ma z\u0142ego wyboru!<\/strong><\/h3>\n\n\n\n<p class=\"wp-block-paragraph\">Wszystkie kolory gwarantuj\u0105 poprawno\u015b\u0107 przy skanowaniu i kopiowaniu dokument\u00f3w.<\/p>\n\n\n\n<p class=\"wp-block-paragraph\"><strong>Funkcja dost\u0119pna jest dla u\u017cytkownik\u00f3w wszystkich pakiet\u00f3w.<\/strong><\/p>\n\n\n\n<div class=\"wp-block-buttons is-content-justification-center is-layout-flex wp-container-core-buttons-is-layout-fe48e5de wp-block-buttons-is-layout-flex\">\n<div class=\"wp-block-button\"><a class=\"wp-block-button__link has-text-align-center wp-element-button\" href=\"https:\/\/app.efaktura.nl\/?lang=ru#\/settings\/invoice\">sprawd\u017a jak to dzia\u0142a<\/a><\/div>\n<\/div>\n","protected":false},"excerpt":{"rendered":"<p>Mo\u017cesz wybra\u0107 jeden z siedmiu szablon\u00f3w kolorystycznych dla Twoich dokument\u00f3w z eFaktura.nl.<\/p>\n","protected":false},"author":3,"featured_media":24995,"comment_status":"closed","ping_status":"closed","sticky":false,"template":"","format":"standard","meta":{"_acf_changed":false,"_crdt_document":"","inline_featured_image":false,"footnotes":""},"categories":[63],"tags":[62],"class_list":["post-24994","post","type-post","status-publish","format-standard","has-post-thumbnail","hentry","category-systemowe","tag-pokaz-w-systemie"],"acf":[],"yoast_head":"<!-- This site is optimized with the Yoast SEO plugin v27.4 - https:\/\/yoast.com\/product\/yoast-seo-wordpress\/ -->\n<title>Dopasuj kolor szablonu faktury. - eFaktura.nl<\/title>\n<meta name=\"description\" content=\"Opr\u00f3cz dodatnia logo mo\u017cesz teraz wybra\u0107 jeden z siedmiu szablon\u00f3w kolorystycznych dla Twoich dokument\u00f3w w eFaktura.nl.\" \/>\n<meta name=\"robots\" content=\"index, follow, max-snippet:-1, max-image-preview:large, max-video-preview:-1\" \/>\n<link rel=\"canonical\" href=\"https:\/\/efaktura.nl\/pl\/dopasuj-kolor-szablonu-faktury\/\" \/>\n<meta property=\"og:locale\" content=\"pl_PL\" \/>\n<meta property=\"og:type\" content=\"article\" \/>\n<meta property=\"og:title\" content=\"Dopasuj kolor szablonu faktury. - eFaktura.nl\" \/>\n<meta property=\"og:description\" content=\"Opr\u00f3cz dodatnia logo mo\u017cesz teraz wybra\u0107 jeden z siedmiu szablon\u00f3w kolorystycznych dla Twoich dokument\u00f3w w eFaktura.nl.\" \/>\n<meta property=\"og:url\" content=\"https:\/\/efaktura.nl\/pl\/dopasuj-kolor-szablonu-faktury\/\" \/>\n<meta property=\"og:site_name\" content=\"eFaktura.nl\" \/>\n<meta property=\"article:publisher\" content=\"https:\/\/www.facebook.com\/efaktura.nl\" \/>\n<meta property=\"article:published_time\" content=\"2023-12-12T14:11:24+00:00\" \/>\n<meta property=\"article:modified_time\" content=\"2023-12-12T14:11:26+00:00\" \/>\n<meta property=\"og:image\" content=\"https:\/\/efaktura.nl\/wp-content\/uploads\/371319791_2023798147976419_5204843293292175832_n.jpg\" \/>\n\t<meta property=\"og:image:width\" content=\"900\" \/>\n\t<meta property=\"og:image:height\" content=\"600\" \/>\n\t<meta property=\"og:image:type\" content=\"image\/jpeg\" \/>\n<meta name=\"author\" content=\"Natalia Tanalska\" \/>\n<meta name=\"twitter:card\" content=\"summary_large_image\" \/>\n<script type=\"application\/ld+json\" class=\"yoast-schema-graph\">{\"@context\":\"https:\\\/\\\/schema.org\",\"@graph\":[{\"@type\":\"Article\",\"@id\":\"https:\\\/\\\/efaktura.nl\\\/pl\\\/dopasuj-kolor-szablonu-faktury\\\/#article\",\"isPartOf\":{\"@id\":\"https:\\\/\\\/efaktura.nl\\\/pl\\\/dopasuj-kolor-szablonu-faktury\\\/\"},\"author\":{\"name\":\"Natalia Tanalska\",\"@id\":\"https:\\\/\\\/efaktura.nl\\\/pl\\\/#\\\/schema\\\/person\\\/1b6361d5dcfd5eea37cf7f151ffc98cf\"},\"headline\":\"Dopasuj kolor szablonu faktury.\",\"datePublished\":\"2023-12-12T14:11:24+00:00\",\"dateModified\":\"2023-12-12T14:11:26+00:00\",\"mainEntityOfPage\":{\"@id\":\"https:\\\/\\\/efaktura.nl\\\/pl\\\/dopasuj-kolor-szablonu-faktury\\\/\"},\"wordCount\":105,\"publisher\":{\"@id\":\"https:\\\/\\\/efaktura.nl\\\/pl\\\/#organization\"},\"image\":{\"@id\":\"https:\\\/\\\/efaktura.nl\\\/pl\\\/dopasuj-kolor-szablonu-faktury\\\/#primaryimage\"},\"thumbnailUrl\":\"https:\\\/\\\/efaktura.nl\\\/wp-content\\\/uploads\\\/371319791_2023798147976419_5204843293292175832_n.jpg\",\"keywords\":[\"poka\u017c-w-systemie\"],\"articleSection\":[\"Systemowe\"],\"inLanguage\":\"pl-PL\"},{\"@type\":\"WebPage\",\"@id\":\"https:\\\/\\\/efaktura.nl\\\/pl\\\/dopasuj-kolor-szablonu-faktury\\\/\",\"url\":\"https:\\\/\\\/efaktura.nl\\\/pl\\\/dopasuj-kolor-szablonu-faktury\\\/\",\"name\":\"Dopasuj kolor szablonu faktury. - eFaktura.nl\",\"isPartOf\":{\"@id\":\"https:\\\/\\\/efaktura.nl\\\/pl\\\/#website\"},\"primaryImageOfPage\":{\"@id\":\"https:\\\/\\\/efaktura.nl\\\/pl\\\/dopasuj-kolor-szablonu-faktury\\\/#primaryimage\"},\"image\":{\"@id\":\"https:\\\/\\\/efaktura.nl\\\/pl\\\/dopasuj-kolor-szablonu-faktury\\\/#primaryimage\"},\"thumbnailUrl\":\"https:\\\/\\\/efaktura.nl\\\/wp-content\\\/uploads\\\/371319791_2023798147976419_5204843293292175832_n.jpg\",\"datePublished\":\"2023-12-12T14:11:24+00:00\",\"dateModified\":\"2023-12-12T14:11:26+00:00\",\"description\":\"Opr\u00f3cz dodatnia logo mo\u017cesz teraz wybra\u0107 jeden z siedmiu szablon\u00f3w kolorystycznych dla Twoich dokument\u00f3w w eFaktura.nl.\",\"breadcrumb\":{\"@id\":\"https:\\\/\\\/efaktura.nl\\\/pl\\\/dopasuj-kolor-szablonu-faktury\\\/#breadcrumb\"},\"inLanguage\":\"pl-PL\",\"potentialAction\":[{\"@type\":\"ReadAction\",\"target\":[\"https:\\\/\\\/efaktura.nl\\\/pl\\\/dopasuj-kolor-szablonu-faktury\\\/\"]}]},{\"@type\":\"ImageObject\",\"inLanguage\":\"pl-PL\",\"@id\":\"https:\\\/\\\/efaktura.nl\\\/pl\\\/dopasuj-kolor-szablonu-faktury\\\/#primaryimage\",\"url\":\"https:\\\/\\\/efaktura.nl\\\/wp-content\\\/uploads\\\/371319791_2023798147976419_5204843293292175832_n.jpg\",\"contentUrl\":\"https:\\\/\\\/efaktura.nl\\\/wp-content\\\/uploads\\\/371319791_2023798147976419_5204843293292175832_n.jpg\",\"width\":900,\"height\":600,\"caption\":\"szablon faktury\"},{\"@type\":\"BreadcrumbList\",\"@id\":\"https:\\\/\\\/efaktura.nl\\\/pl\\\/dopasuj-kolor-szablonu-faktury\\\/#breadcrumb\",\"itemListElement\":[{\"@type\":\"ListItem\",\"position\":1,\"name\":\"Strona g\u0142\u00f3wna\",\"item\":\"https:\\\/\\\/efaktura.nl\\\/pl\\\/new-home\\\/\"},{\"@type\":\"ListItem\",\"position\":2,\"name\":\"Dopasuj kolor szablonu faktury.\"}]},{\"@type\":\"WebSite\",\"@id\":\"https:\\\/\\\/efaktura.nl\\\/pl\\\/#website\",\"url\":\"https:\\\/\\\/efaktura.nl\\\/pl\\\/\",\"name\":\"eFaktura.nl\",\"description\":\"\",\"publisher\":{\"@id\":\"https:\\\/\\\/efaktura.nl\\\/pl\\\/#organization\"},\"potentialAction\":[{\"@type\":\"SearchAction\",\"target\":{\"@type\":\"EntryPoint\",\"urlTemplate\":\"https:\\\/\\\/efaktura.nl\\\/pl\\\/?s={search_term_string}\"},\"query-input\":{\"@type\":\"PropertyValueSpecification\",\"valueRequired\":true,\"valueName\":\"search_term_string\"}}],\"inLanguage\":\"pl-PL\"},{\"@type\":\"Organization\",\"@id\":\"https:\\\/\\\/efaktura.nl\\\/pl\\\/#organization\",\"name\":\"eFaktura\",\"url\":\"https:\\\/\\\/efaktura.nl\\\/pl\\\/\",\"logo\":{\"@type\":\"ImageObject\",\"inLanguage\":\"pl-PL\",\"@id\":\"https:\\\/\\\/efaktura.nl\\\/pl\\\/#\\\/schema\\\/logo\\\/image\\\/\",\"url\":\"https:\\\/\\\/efaktura.nl\\\/wp-content\\\/uploads\\\/logo-efaktura-25.svg\",\"contentUrl\":\"https:\\\/\\\/efaktura.nl\\\/wp-content\\\/uploads\\\/logo-efaktura-25.svg\",\"width\":264,\"height\":31,\"caption\":\"eFaktura\"},\"image\":{\"@id\":\"https:\\\/\\\/efaktura.nl\\\/pl\\\/#\\\/schema\\\/logo\\\/image\\\/\"},\"sameAs\":[\"https:\\\/\\\/www.facebook.com\\\/efaktura.nl\",\"https:\\\/\\\/www.instagram.com\\\/efaktura.eu\\\/\",\"https:\\\/\\\/www.youtube.com\\\/channel\\\/UCpx6sOnTCmDMkAG2QEyW9PA\"]},{\"@type\":\"Person\",\"@id\":\"https:\\\/\\\/efaktura.nl\\\/pl\\\/#\\\/schema\\\/person\\\/1b6361d5dcfd5eea37cf7f151ffc98cf\",\"name\":\"Natalia Tanalska\"}]}<\/script>\n<!-- \/ Yoast SEO plugin. -->","yoast_head_json":{"title":"Dopasuj kolor szablonu faktury. - eFaktura.nl","description":"Opr\u00f3cz dodatnia logo mo\u017cesz teraz wybra\u0107 jeden z siedmiu szablon\u00f3w kolorystycznych dla Twoich dokument\u00f3w w eFaktura.nl.","robots":{"index":"index","follow":"follow","max-snippet":"max-snippet:-1","max-image-preview":"max-image-preview:large","max-video-preview":"max-video-preview:-1"},"canonical":"https:\/\/efaktura.nl\/pl\/dopasuj-kolor-szablonu-faktury\/","og_locale":"pl_PL","og_type":"article","og_title":"Dopasuj kolor szablonu faktury. - eFaktura.nl","og_description":"Opr\u00f3cz dodatnia logo mo\u017cesz teraz wybra\u0107 jeden z siedmiu szablon\u00f3w kolorystycznych dla Twoich dokument\u00f3w w eFaktura.nl.","og_url":"https:\/\/efaktura.nl\/pl\/dopasuj-kolor-szablonu-faktury\/","og_site_name":"eFaktura.nl","article_publisher":"https:\/\/www.facebook.com\/efaktura.nl","article_published_time":"2023-12-12T14:11:24+00:00","article_modified_time":"2023-12-12T14:11:26+00:00","og_image":[{"width":900,"height":600,"url":"https:\/\/efaktura.nl\/wp-content\/uploads\/371319791_2023798147976419_5204843293292175832_n.jpg","type":"image\/jpeg"}],"author":"Natalia Tanalska","twitter_card":"summary_large_image","schema":{"@context":"https:\/\/schema.org","@graph":[{"@type":"Article","@id":"https:\/\/efaktura.nl\/pl\/dopasuj-kolor-szablonu-faktury\/#article","isPartOf":{"@id":"https:\/\/efaktura.nl\/pl\/dopasuj-kolor-szablonu-faktury\/"},"author":{"name":"Natalia Tanalska","@id":"https:\/\/efaktura.nl\/pl\/#\/schema\/person\/1b6361d5dcfd5eea37cf7f151ffc98cf"},"headline":"Dopasuj kolor szablonu faktury.","datePublished":"2023-12-12T14:11:24+00:00","dateModified":"2023-12-12T14:11:26+00:00","mainEntityOfPage":{"@id":"https:\/\/efaktura.nl\/pl\/dopasuj-kolor-szablonu-faktury\/"},"wordCount":105,"publisher":{"@id":"https:\/\/efaktura.nl\/pl\/#organization"},"image":{"@id":"https:\/\/efaktura.nl\/pl\/dopasuj-kolor-szablonu-faktury\/#primaryimage"},"thumbnailUrl":"https:\/\/efaktura.nl\/wp-content\/uploads\/371319791_2023798147976419_5204843293292175832_n.jpg","keywords":["poka\u017c-w-systemie"],"articleSection":["Systemowe"],"inLanguage":"pl-PL"},{"@type":"WebPage","@id":"https:\/\/efaktura.nl\/pl\/dopasuj-kolor-szablonu-faktury\/","url":"https:\/\/efaktura.nl\/pl\/dopasuj-kolor-szablonu-faktury\/","name":"Dopasuj kolor szablonu faktury. - eFaktura.nl","isPartOf":{"@id":"https:\/\/efaktura.nl\/pl\/#website"},"primaryImageOfPage":{"@id":"https:\/\/efaktura.nl\/pl\/dopasuj-kolor-szablonu-faktury\/#primaryimage"},"image":{"@id":"https:\/\/efaktura.nl\/pl\/dopasuj-kolor-szablonu-faktury\/#primaryimage"},"thumbnailUrl":"https:\/\/efaktura.nl\/wp-content\/uploads\/371319791_2023798147976419_5204843293292175832_n.jpg","datePublished":"2023-12-12T14:11:24+00:00","dateModified":"2023-12-12T14:11:26+00:00","description":"Opr\u00f3cz dodatnia logo mo\u017cesz teraz wybra\u0107 jeden z siedmiu szablon\u00f3w kolorystycznych dla Twoich dokument\u00f3w w eFaktura.nl.","breadcrumb":{"@id":"https:\/\/efaktura.nl\/pl\/dopasuj-kolor-szablonu-faktury\/#breadcrumb"},"inLanguage":"pl-PL","potentialAction":[{"@type":"ReadAction","target":["https:\/\/efaktura.nl\/pl\/dopasuj-kolor-szablonu-faktury\/"]}]},{"@type":"ImageObject","inLanguage":"pl-PL","@id":"https:\/\/efaktura.nl\/pl\/dopasuj-kolor-szablonu-faktury\/#primaryimage","url":"https:\/\/efaktura.nl\/wp-content\/uploads\/371319791_2023798147976419_5204843293292175832_n.jpg","contentUrl":"https:\/\/efaktura.nl\/wp-content\/uploads\/371319791_2023798147976419_5204843293292175832_n.jpg","width":900,"height":600,"caption":"szablon faktury"},{"@type":"BreadcrumbList","@id":"https:\/\/efaktura.nl\/pl\/dopasuj-kolor-szablonu-faktury\/#breadcrumb","itemListElement":[{"@type":"ListItem","position":1,"name":"Strona g\u0142\u00f3wna","item":"https:\/\/efaktura.nl\/pl\/new-home\/"},{"@type":"ListItem","position":2,"name":"Dopasuj kolor szablonu faktury."}]},{"@type":"WebSite","@id":"https:\/\/efaktura.nl\/pl\/#website","url":"https:\/\/efaktura.nl\/pl\/","name":"eFaktura.nl","description":"","publisher":{"@id":"https:\/\/efaktura.nl\/pl\/#organization"},"potentialAction":[{"@type":"SearchAction","target":{"@type":"EntryPoint","urlTemplate":"https:\/\/efaktura.nl\/pl\/?s={search_term_string}"},"query-input":{"@type":"PropertyValueSpecification","valueRequired":true,"valueName":"search_term_string"}}],"inLanguage":"pl-PL"},{"@type":"Organization","@id":"https:\/\/efaktura.nl\/pl\/#organization","name":"eFaktura","url":"https:\/\/efaktura.nl\/pl\/","logo":{"@type":"ImageObject","inLanguage":"pl-PL","@id":"https:\/\/efaktura.nl\/pl\/#\/schema\/logo\/image\/","url":"https:\/\/efaktura.nl\/wp-content\/uploads\/logo-efaktura-25.svg","contentUrl":"https:\/\/efaktura.nl\/wp-content\/uploads\/logo-efaktura-25.svg","width":264,"height":31,"caption":"eFaktura"},"image":{"@id":"https:\/\/efaktura.nl\/pl\/#\/schema\/logo\/image\/"},"sameAs":["https:\/\/www.facebook.com\/efaktura.nl","https:\/\/www.instagram.com\/efaktura.eu\/","https:\/\/www.youtube.com\/channel\/UCpx6sOnTCmDMkAG2QEyW9PA"]},{"@type":"Person","@id":"https:\/\/efaktura.nl\/pl\/#\/schema\/person\/1b6361d5dcfd5eea37cf7f151ffc98cf","name":"Natalia Tanalska"}]}},"_links":{"self":[{"href":"https:\/\/efaktura.nl\/pl\/wp-json\/wp\/v2\/posts\/24994","targetHints":{"allow":["GET"]}}],"collection":[{"href":"https:\/\/efaktura.nl\/pl\/wp-json\/wp\/v2\/posts"}],"about":[{"href":"https:\/\/efaktura.nl\/pl\/wp-json\/wp\/v2\/types\/post"}],"author":[{"embeddable":true,"href":"https:\/\/efaktura.nl\/pl\/wp-json\/wp\/v2\/users\/3"}],"replies":[{"embeddable":true,"href":"https:\/\/efaktura.nl\/pl\/wp-json\/wp\/v2\/comments?post=24994"}],"version-history":[{"count":0,"href":"https:\/\/efaktura.nl\/pl\/wp-json\/wp\/v2\/posts\/24994\/revisions"}],"wp:featuredmedia":[{"embeddable":true,"href":"https:\/\/efaktura.nl\/pl\/wp-json\/wp\/v2\/media\/24995"}],"wp:attachment":[{"href":"https:\/\/efaktura.nl\/pl\/wp-json\/wp\/v2\/media?parent=24994"}],"wp:term":[{"taxonomy":"category","embeddable":true,"href":"https:\/\/efaktura.nl\/pl\/wp-json\/wp\/v2\/categories?post=24994"},{"taxonomy":"post_tag","embeddable":true,"href":"https:\/\/efaktura.nl\/pl\/wp-json\/wp\/v2\/tags?post=24994"}],"curies":[{"name":"wp","href":"https:\/\/api.w.org\/{rel}","templated":true}]}}