{"id":2749,"date":"2019-07-26T16:40:09","date_gmt":"2019-07-26T14:40:09","guid":{"rendered":"http:\/\/efaktura.nl\/?p=2749"},"modified":"2025-08-05T18:46:32","modified_gmt":"2025-08-05T16:46:32","slug":"wakacyjna-przerwa-budowlana-w-holandii","status":"publish","type":"post","link":"https:\/\/efaktura.nl\/pl\/wakacyjna-przerwa-budowlana-w-holandii\/","title":{"rendered":"Wakacyjna przerwa budowlana w Holandii."},"content":{"rendered":"\n<p class=\"wp-block-paragraph\"><strong>Cho\u0107 oficjalna wakacyjna przerwa budowlana (Bouwvak) zosta\u0142a zniesiona z holenderskiego prawa pracy ju\u017c w 1982 roku, temat ten wci\u0105\u017c budzi w\u0105tpliwo\u015bci \u2013 zar\u00f3wno w\u015br\u00f3d wykonawc\u00f3w, jak i klient\u00f3w. Min\u0119\u0142o ju\u017c ponad 40 lat, a wiele os\u00f3b nadal planuje lato, kieruj\u0105c si\u0119 terminami dawnego \u201ebouwvaku\u201d.<\/strong><\/p>\n\n\n\n<p class=\"wp-block-paragraph\">Bran\u017ca budowlana nie mo\u017ce pozwoli\u0107 sobie na pe\u0142ne wstrzymanie prac w szczycie sezonu. Mimo to wci\u0105\u017c s\u0105 firmy i sklepy budowlane, kt\u00f3re zamykaj\u0105 dzia\u0142alno\u015b\u0107 na tydzie\u0144, dwa, a czasem nawet trzy \u2013 zazwyczaj na prze\u0142omie lipca i sierpnia.<\/p>\n\n\n\n<h2 class=\"wp-block-heading\"><strong>Czy warto pracowa\u0107 latem w bran\u017cy budowlanej w Holandii?<\/strong><\/h2>\n\n\n\n<p class=\"wp-block-paragraph\">Coraz wi\u0119cej firm rezygnuje z przerwy budowlanej i <strong>wykorzystuje lato na realizacj\u0119 projekt\u00f3w<\/strong>. Wed\u0142ug badania przeprowadzonego przez Hornbach, a\u017c 2\/3 firm budowlanych w Holandii pracuje w wakacje. 45% robi to pe\u0142nym sk\u0142adem, a 20% dzia\u0142a przy ograniczonym personelu.<\/p>\n\n\n\n<p class=\"wp-block-paragraph\">Dla klient\u00f3w to dobra wiadomo\u015b\u0107 \u2013 wielu z nich wraca z urlopu do gotowego projektu. A dla firm to szansa, by unikn\u0105\u0107 przestoj\u00f3w i roz\u0142o\u017cy\u0107 prac\u0119 bardziej r\u00f3wnomiernie w skali roku.<\/p>\n\n\n\n<h2 class=\"wp-block-heading\"><strong>Bouwvakstress \u2013 stres przed urlopem<\/strong><\/h2>\n\n\n\n<p class=\"wp-block-paragraph\">Firmy, kt\u00f3re jednak planuj\u0105 zamkni\u0119cie w okresie wakacyjnym, dobrze znaj\u0105 zjawisko <strong>bouwvakstress<\/strong> \u2013 czyli stresu budowlanego przed przerw\u0105. Na kilka tygodni przed urlopem wszystko dzieje si\u0119 naraz: trzeba zako\u0144czy\u0107 prace, dopilnowa\u0107 dostaw materia\u0142\u00f3w, a cz\u0119sto rozwi\u0105zywa\u0107 nag\u0142e problemy z personelem. Do tego dochodzi jeszcze administracja, czyli faktury, p\u0142atno\u015bci i rozliczenia.<\/p>\n\n\n\n<p class=\"wp-block-paragraph\">Dla wielu w\u0142a\u015bcicieli firm budowlanych to najbardziej intensywny czas w ca\u0142ym roku. A przecie\u017c ka\u017cdy zas\u0142uguje na chwil\u0119 wytchnienia \u2013 najlepiej na s\u0142onecznej pla\u017cy, a nie z telefonem przy uchu.<\/p>\n\n\n\n<h2 class=\"wp-block-heading\"><strong>Fakturowanie last minute \u2013 jak robi\u0107 to m\u0105drze?<\/strong><\/h2>\n\n\n\n<p class=\"wp-block-paragraph\">Prze\u0142om lipca i sierpnia to r\u00f3wnie\u017c trudny moment na <strong>wystawianie i op\u0142acanie faktur<\/strong>. Klienci s\u0105 na wakacjach, firmy pracuj\u0105 wolniej, a przelewy op\u00f3\u017aniaj\u0105 si\u0119 nawet o kilka tygodni. Dlatego warto wprowadzi\u0107 kilka praktycznych zasad, kt\u00f3re przyspiesz\u0105 p\u0142atno\u015bci i zminimalizuj\u0105 ryzyko zator\u00f3w finansowych:<\/p>\n\n\n\n<ul class=\"wp-block-list\">\n<li><strong>Wystaw faktur\u0119 od razu po wykonanej pracy<\/strong> \u2013 nie zwlekaj do ostatniego dnia. Im szybciej j\u0105 wy\u015blesz, tym wi\u0119ksza szansa na terminowe op\u0142acenie.<\/li>\n\n\n\n<li><strong>Zadbaj o poprawno\u015b\u0107 danych<\/strong> \u2013 upewnij si\u0119, \u017ce faktura zawiera wszystkie niezb\u0119dne informacje, a kwoty si\u0119 zgadzaj\u0105. Klient nie b\u0119dzie musia\u0142 dopytywa\u0107.<\/li>\n\n\n\n<li><strong>Dodaj konkretny termin p\u0142atno\u015bci<\/strong> \u2013 opr\u00f3cz standardowego \u201ezap\u0142a\u0107 w ci\u0105gu 14 dni\u201d, warto poda\u0107 dok\u0142adn\u0105 dat\u0119 (np. \u201eProsimy o p\u0142atno\u015b\u0107 do 5 sierpnia 2025\u201d). W eFaktura.nl mo\u017cesz doda\u0107 tak\u0105 informacj\u0119 w notatce na fakturze.<\/li>\n\n\n\n<li><strong>Wy\u015blij przypomnienie o p\u0142atno\u015bci<\/strong> natychmiast po up\u0142ywie terminu. Automatyczne przypomnienia to ma\u0142y wysi\u0142ek, a mog\u0105 skutecznie zmobilizowa\u0107 klienta do przelewu.<\/li>\n<\/ul>\n\n\n\n<h2 class=\"wp-block-heading\"><strong>Dobre fakturowanie to spok\u00f3j <\/strong><\/h2>\n\n\n\n<p class=\"wp-block-paragraph\">Dok\u0142adna i terminowa faktura to co\u015b wi\u0119cej ni\u017c dokument ksi\u0119gowy \u2013 to Tw\u00f3j spos\u00f3b na <strong>spokojny urlop bez finansowego stresu<\/strong>. Nie zostawiaj wszystkiego na ostatni\u0105 chwil\u0119. Korzystaj z aplikacji, kt\u00f3ra pozwala Ci zarz\u0105dza\u0107 fakturami, przypomnieniami i p\u0142atno\u015bciami w jednym miejscu.<\/p>\n\n\n\n<p class=\"wp-block-paragraph\">Zadbaj o komfort \u2013 r\u00f3wnie\u017c latem. Bo odpoczynek jest r\u00f3wnie wa\u017cny jak praca, a dobrze prowadzona administracja pozwala Ci naprawd\u0119 si\u0119 wy\u0142\u0105czy\u0107, gdy przyjdzie czas na urlop.<\/p>\n\n\n\n<div style=\"height:25px\" aria-hidden=\"true\" class=\"wp-block-spacer\"><\/div>\n\n\n\n<div class=\"wp-block-columns is-layout-flex wp-container-core-columns-is-layout-8f761849 wp-block-columns-is-layout-flex\">\n<div class=\"wp-block-column is-layout-flow wp-block-column-is-layout-flow\">\n<div class=\"wp-block-buttons is-content-justification-center is-layout-flex wp-container-core-buttons-is-layout-fe48e5de wp-block-buttons-is-layout-flex\">\n<div class=\"wp-block-button\"><a class=\"wp-block-button__link wp-element-button\" href=\"https:\/\/app.efaktura.nl\/#\/login\">WYPR\u00d3BUJ ZA DARMO<\/a><\/div>\n<\/div>\n<\/div>\n<\/div>\n\n\n\n<p class=\"wp-block-paragraph\"><\/p>\n","protected":false},"excerpt":{"rendered":"<p>Cho\u0107 oficjalna wakacyjna przerwa budowlana (Bouwvak) zosta\u0142a zniesiona z holenderskiego prawa pracy ju\u017c w 1982 roku, temat ten wci\u0105\u017c budzi w\u0105tpliwo\u015bci \u2013 zar\u00f3wno w\u015br\u00f3d wykonawc\u00f3w, jak i klient\u00f3w&#8230;.<\/p>\n","protected":false},"author":2,"featured_media":14880,"comment_status":"closed","ping_status":"open","sticky":false,"template":"","format":"standard","meta":{"_acf_changed":false,"_crdt_document":"","inline_featured_image":false,"footnotes":""},"categories":[20,1],"tags":[38,39,40,35],"class_list":["post-2749","post","type-post","status-publish","format-standard","has-post-thumbnail","hentry","category-administracja","category-firma-w-holandii","tag-przerwa","tag-urlop","tag-wakacje","tag-zzp"],"acf":[],"yoast_head":"<!-- This site is optimized with the Yoast SEO plugin v27.4 - https:\/\/yoast.com\/product\/yoast-seo-wordpress\/ -->\n<title>Wakacyjna przerwa budowlana w Holandii. - eFaktura.nl<\/title>\n<meta name=\"description\" content=\"Wakacyjna przerwa budowlana w Holandii nie istnieje w prawie pracy od roku 1982, mimo to, prawie 40 lat p\u00f3\u017aniej wci\u0105\u017c budzi w\u0105tpliwo\u015bci.\" \/>\n<meta name=\"robots\" content=\"index, follow, max-snippet:-1, max-image-preview:large, max-video-preview:-1\" \/>\n<link rel=\"canonical\" href=\"https:\/\/efaktura.nl\/pl\/wakacyjna-przerwa-budowlana-w-holandii\/\" \/>\n<meta property=\"og:locale\" content=\"pl_PL\" \/>\n<meta property=\"og:type\" content=\"article\" \/>\n<meta property=\"og:title\" content=\"Wakacyjna przerwa budowlana w Holandii. - eFaktura.nl\" \/>\n<meta property=\"og:description\" content=\"Wakacyjna przerwa budowlana w Holandii nie istnieje w prawie pracy od roku 1982, mimo to, prawie 40 lat p\u00f3\u017aniej wci\u0105\u017c budzi w\u0105tpliwo\u015bci.\" \/>\n<meta property=\"og:url\" content=\"https:\/\/efaktura.nl\/pl\/wakacyjna-przerwa-budowlana-w-holandii\/\" \/>\n<meta property=\"og:site_name\" content=\"eFaktura.nl\" \/>\n<meta property=\"article:publisher\" content=\"https:\/\/www.facebook.com\/efaktura.nl\" \/>\n<meta property=\"article:published_time\" content=\"2019-07-26T14:40:09+00:00\" \/>\n<meta property=\"article:modified_time\" content=\"2025-08-05T16:46:32+00:00\" \/>\n<meta property=\"og:image\" content=\"https:\/\/efaktura.nl\/wp-content\/uploads\/przerwa-budowlana-w-holandii.jpg\" \/>\n\t<meta property=\"og:image:width\" content=\"800\" \/>\n\t<meta property=\"og:image:height\" content=\"800\" \/>\n\t<meta property=\"og:image:type\" content=\"image\/jpeg\" \/>\n<meta name=\"author\" content=\"Pani Karteczka\" \/>\n<meta name=\"twitter:card\" content=\"summary_large_image\" \/>\n<script type=\"application\/ld+json\" class=\"yoast-schema-graph\">{\"@context\":\"https:\\\/\\\/schema.org\",\"@graph\":[{\"@type\":\"Article\",\"@id\":\"https:\\\/\\\/efaktura.nl\\\/pl\\\/wakacyjna-przerwa-budowlana-w-holandii\\\/#article\",\"isPartOf\":{\"@id\":\"https:\\\/\\\/efaktura.nl\\\/pl\\\/wakacyjna-przerwa-budowlana-w-holandii\\\/\"},\"author\":{\"name\":\"Pani Karteczka\",\"@id\":\"https:\\\/\\\/efaktura.nl\\\/pl\\\/#\\\/schema\\\/person\\\/1237b641851e6a2c4403a333f367aee3\"},\"headline\":\"Wakacyjna przerwa budowlana w Holandii.\",\"datePublished\":\"2019-07-26T14:40:09+00:00\",\"dateModified\":\"2025-08-05T16:46:32+00:00\",\"mainEntityOfPage\":{\"@id\":\"https:\\\/\\\/efaktura.nl\\\/pl\\\/wakacyjna-przerwa-budowlana-w-holandii\\\/\"},\"wordCount\":542,\"publisher\":{\"@id\":\"https:\\\/\\\/efaktura.nl\\\/pl\\\/#organization\"},\"image\":{\"@id\":\"https:\\\/\\\/efaktura.nl\\\/pl\\\/wakacyjna-przerwa-budowlana-w-holandii\\\/#primaryimage\"},\"thumbnailUrl\":\"https:\\\/\\\/efaktura.nl\\\/wp-content\\\/uploads\\\/przerwa-budowlana-w-holandii.jpg\",\"keywords\":[\"przerwa\",\"urlop\",\"wakacje\",\"ZZP\"],\"articleSection\":[\"Administracja\",\"Firma w Holandii\"],\"inLanguage\":\"pl-PL\"},{\"@type\":\"WebPage\",\"@id\":\"https:\\\/\\\/efaktura.nl\\\/pl\\\/wakacyjna-przerwa-budowlana-w-holandii\\\/\",\"url\":\"https:\\\/\\\/efaktura.nl\\\/pl\\\/wakacyjna-przerwa-budowlana-w-holandii\\\/\",\"name\":\"Wakacyjna przerwa budowlana w Holandii. - eFaktura.nl\",\"isPartOf\":{\"@id\":\"https:\\\/\\\/efaktura.nl\\\/pl\\\/#website\"},\"primaryImageOfPage\":{\"@id\":\"https:\\\/\\\/efaktura.nl\\\/pl\\\/wakacyjna-przerwa-budowlana-w-holandii\\\/#primaryimage\"},\"image\":{\"@id\":\"https:\\\/\\\/efaktura.nl\\\/pl\\\/wakacyjna-przerwa-budowlana-w-holandii\\\/#primaryimage\"},\"thumbnailUrl\":\"https:\\\/\\\/efaktura.nl\\\/wp-content\\\/uploads\\\/przerwa-budowlana-w-holandii.jpg\",\"datePublished\":\"2019-07-26T14:40:09+00:00\",\"dateModified\":\"2025-08-05T16:46:32+00:00\",\"description\":\"Wakacyjna przerwa budowlana w Holandii nie istnieje w prawie pracy od roku 1982, mimo to, prawie 40 lat p\u00f3\u017aniej wci\u0105\u017c budzi w\u0105tpliwo\u015bci.\",\"breadcrumb\":{\"@id\":\"https:\\\/\\\/efaktura.nl\\\/pl\\\/wakacyjna-przerwa-budowlana-w-holandii\\\/#breadcrumb\"},\"inLanguage\":\"pl-PL\",\"potentialAction\":[{\"@type\":\"ReadAction\",\"target\":[\"https:\\\/\\\/efaktura.nl\\\/pl\\\/wakacyjna-przerwa-budowlana-w-holandii\\\/\"]}]},{\"@type\":\"ImageObject\",\"inLanguage\":\"pl-PL\",\"@id\":\"https:\\\/\\\/efaktura.nl\\\/pl\\\/wakacyjna-przerwa-budowlana-w-holandii\\\/#primaryimage\",\"url\":\"https:\\\/\\\/efaktura.nl\\\/wp-content\\\/uploads\\\/przerwa-budowlana-w-holandii.jpg\",\"contentUrl\":\"https:\\\/\\\/efaktura.nl\\\/wp-content\\\/uploads\\\/przerwa-budowlana-w-holandii.jpg\",\"width\":800,\"height\":800},{\"@type\":\"BreadcrumbList\",\"@id\":\"https:\\\/\\\/efaktura.nl\\\/pl\\\/wakacyjna-przerwa-budowlana-w-holandii\\\/#breadcrumb\",\"itemListElement\":[{\"@type\":\"ListItem\",\"position\":1,\"name\":\"Strona g\u0142\u00f3wna\",\"item\":\"https:\\\/\\\/efaktura.nl\\\/pl\\\/new-home\\\/\"},{\"@type\":\"ListItem\",\"position\":2,\"name\":\"Wakacyjna przerwa budowlana w Holandii.\"}]},{\"@type\":\"WebSite\",\"@id\":\"https:\\\/\\\/efaktura.nl\\\/pl\\\/#website\",\"url\":\"https:\\\/\\\/efaktura.nl\\\/pl\\\/\",\"name\":\"eFaktura.nl\",\"description\":\"\",\"publisher\":{\"@id\":\"https:\\\/\\\/efaktura.nl\\\/pl\\\/#organization\"},\"potentialAction\":[{\"@type\":\"SearchAction\",\"target\":{\"@type\":\"EntryPoint\",\"urlTemplate\":\"https:\\\/\\\/efaktura.nl\\\/pl\\\/?s={search_term_string}\"},\"query-input\":{\"@type\":\"PropertyValueSpecification\",\"valueRequired\":true,\"valueName\":\"search_term_string\"}}],\"inLanguage\":\"pl-PL\"},{\"@type\":\"Organization\",\"@id\":\"https:\\\/\\\/efaktura.nl\\\/pl\\\/#organization\",\"name\":\"eFaktura\",\"url\":\"https:\\\/\\\/efaktura.nl\\\/pl\\\/\",\"logo\":{\"@type\":\"ImageObject\",\"inLanguage\":\"pl-PL\",\"@id\":\"https:\\\/\\\/efaktura.nl\\\/pl\\\/#\\\/schema\\\/logo\\\/image\\\/\",\"url\":\"https:\\\/\\\/efaktura.nl\\\/wp-content\\\/uploads\\\/logo-efaktura-25.svg\",\"contentUrl\":\"https:\\\/\\\/efaktura.nl\\\/wp-content\\\/uploads\\\/logo-efaktura-25.svg\",\"width\":264,\"height\":31,\"caption\":\"eFaktura\"},\"image\":{\"@id\":\"https:\\\/\\\/efaktura.nl\\\/pl\\\/#\\\/schema\\\/logo\\\/image\\\/\"},\"sameAs\":[\"https:\\\/\\\/www.facebook.com\\\/efaktura.nl\",\"https:\\\/\\\/www.instagram.com\\\/efaktura.eu\\\/\",\"https:\\\/\\\/www.youtube.com\\\/channel\\\/UCpx6sOnTCmDMkAG2QEyW9PA\"]},{\"@type\":\"Person\",\"@id\":\"https:\\\/\\\/efaktura.nl\\\/pl\\\/#\\\/schema\\\/person\\\/1237b641851e6a2c4403a333f367aee3\",\"name\":\"Pani Karteczka\"}]}<\/script>\n<!-- \/ Yoast SEO plugin. -->","yoast_head_json":{"title":"Wakacyjna przerwa budowlana w Holandii. - eFaktura.nl","description":"Wakacyjna przerwa budowlana w Holandii nie istnieje w prawie pracy od roku 1982, mimo to, prawie 40 lat p\u00f3\u017aniej wci\u0105\u017c budzi w\u0105tpliwo\u015bci.","robots":{"index":"index","follow":"follow","max-snippet":"max-snippet:-1","max-image-preview":"max-image-preview:large","max-video-preview":"max-video-preview:-1"},"canonical":"https:\/\/efaktura.nl\/pl\/wakacyjna-przerwa-budowlana-w-holandii\/","og_locale":"pl_PL","og_type":"article","og_title":"Wakacyjna przerwa budowlana w Holandii. - eFaktura.nl","og_description":"Wakacyjna przerwa budowlana w Holandii nie istnieje w prawie pracy od roku 1982, mimo to, prawie 40 lat p\u00f3\u017aniej wci\u0105\u017c budzi w\u0105tpliwo\u015bci.","og_url":"https:\/\/efaktura.nl\/pl\/wakacyjna-przerwa-budowlana-w-holandii\/","og_site_name":"eFaktura.nl","article_publisher":"https:\/\/www.facebook.com\/efaktura.nl","article_published_time":"2019-07-26T14:40:09+00:00","article_modified_time":"2025-08-05T16:46:32+00:00","og_image":[{"width":800,"height":800,"url":"https:\/\/efaktura.nl\/wp-content\/uploads\/przerwa-budowlana-w-holandii.jpg","type":"image\/jpeg"}],"author":"Pani Karteczka","twitter_card":"summary_large_image","schema":{"@context":"https:\/\/schema.org","@graph":[{"@type":"Article","@id":"https:\/\/efaktura.nl\/pl\/wakacyjna-przerwa-budowlana-w-holandii\/#article","isPartOf":{"@id":"https:\/\/efaktura.nl\/pl\/wakacyjna-przerwa-budowlana-w-holandii\/"},"author":{"name":"Pani Karteczka","@id":"https:\/\/efaktura.nl\/pl\/#\/schema\/person\/1237b641851e6a2c4403a333f367aee3"},"headline":"Wakacyjna przerwa budowlana w Holandii.","datePublished":"2019-07-26T14:40:09+00:00","dateModified":"2025-08-05T16:46:32+00:00","mainEntityOfPage":{"@id":"https:\/\/efaktura.nl\/pl\/wakacyjna-przerwa-budowlana-w-holandii\/"},"wordCount":542,"publisher":{"@id":"https:\/\/efaktura.nl\/pl\/#organization"},"image":{"@id":"https:\/\/efaktura.nl\/pl\/wakacyjna-przerwa-budowlana-w-holandii\/#primaryimage"},"thumbnailUrl":"https:\/\/efaktura.nl\/wp-content\/uploads\/przerwa-budowlana-w-holandii.jpg","keywords":["przerwa","urlop","wakacje","ZZP"],"articleSection":["Administracja","Firma w Holandii"],"inLanguage":"pl-PL"},{"@type":"WebPage","@id":"https:\/\/efaktura.nl\/pl\/wakacyjna-przerwa-budowlana-w-holandii\/","url":"https:\/\/efaktura.nl\/pl\/wakacyjna-przerwa-budowlana-w-holandii\/","name":"Wakacyjna przerwa budowlana w Holandii. - eFaktura.nl","isPartOf":{"@id":"https:\/\/efaktura.nl\/pl\/#website"},"primaryImageOfPage":{"@id":"https:\/\/efaktura.nl\/pl\/wakacyjna-przerwa-budowlana-w-holandii\/#primaryimage"},"image":{"@id":"https:\/\/efaktura.nl\/pl\/wakacyjna-przerwa-budowlana-w-holandii\/#primaryimage"},"thumbnailUrl":"https:\/\/efaktura.nl\/wp-content\/uploads\/przerwa-budowlana-w-holandii.jpg","datePublished":"2019-07-26T14:40:09+00:00","dateModified":"2025-08-05T16:46:32+00:00","description":"Wakacyjna przerwa budowlana w Holandii nie istnieje w prawie pracy od roku 1982, mimo to, prawie 40 lat p\u00f3\u017aniej wci\u0105\u017c budzi w\u0105tpliwo\u015bci.","breadcrumb":{"@id":"https:\/\/efaktura.nl\/pl\/wakacyjna-przerwa-budowlana-w-holandii\/#breadcrumb"},"inLanguage":"pl-PL","potentialAction":[{"@type":"ReadAction","target":["https:\/\/efaktura.nl\/pl\/wakacyjna-przerwa-budowlana-w-holandii\/"]}]},{"@type":"ImageObject","inLanguage":"pl-PL","@id":"https:\/\/efaktura.nl\/pl\/wakacyjna-przerwa-budowlana-w-holandii\/#primaryimage","url":"https:\/\/efaktura.nl\/wp-content\/uploads\/przerwa-budowlana-w-holandii.jpg","contentUrl":"https:\/\/efaktura.nl\/wp-content\/uploads\/przerwa-budowlana-w-holandii.jpg","width":800,"height":800},{"@type":"BreadcrumbList","@id":"https:\/\/efaktura.nl\/pl\/wakacyjna-przerwa-budowlana-w-holandii\/#breadcrumb","itemListElement":[{"@type":"ListItem","position":1,"name":"Strona g\u0142\u00f3wna","item":"https:\/\/efaktura.nl\/pl\/new-home\/"},{"@type":"ListItem","position":2,"name":"Wakacyjna przerwa budowlana w Holandii."}]},{"@type":"WebSite","@id":"https:\/\/efaktura.nl\/pl\/#website","url":"https:\/\/efaktura.nl\/pl\/","name":"eFaktura.nl","description":"","publisher":{"@id":"https:\/\/efaktura.nl\/pl\/#organization"},"potentialAction":[{"@type":"SearchAction","target":{"@type":"EntryPoint","urlTemplate":"https:\/\/efaktura.nl\/pl\/?s={search_term_string}"},"query-input":{"@type":"PropertyValueSpecification","valueRequired":true,"valueName":"search_term_string"}}],"inLanguage":"pl-PL"},{"@type":"Organization","@id":"https:\/\/efaktura.nl\/pl\/#organization","name":"eFaktura","url":"https:\/\/efaktura.nl\/pl\/","logo":{"@type":"ImageObject","inLanguage":"pl-PL","@id":"https:\/\/efaktura.nl\/pl\/#\/schema\/logo\/image\/","url":"https:\/\/efaktura.nl\/wp-content\/uploads\/logo-efaktura-25.svg","contentUrl":"https:\/\/efaktura.nl\/wp-content\/uploads\/logo-efaktura-25.svg","width":264,"height":31,"caption":"eFaktura"},"image":{"@id":"https:\/\/efaktura.nl\/pl\/#\/schema\/logo\/image\/"},"sameAs":["https:\/\/www.facebook.com\/efaktura.nl","https:\/\/www.instagram.com\/efaktura.eu\/","https:\/\/www.youtube.com\/channel\/UCpx6sOnTCmDMkAG2QEyW9PA"]},{"@type":"Person","@id":"https:\/\/efaktura.nl\/pl\/#\/schema\/person\/1237b641851e6a2c4403a333f367aee3","name":"Pani Karteczka"}]}},"_links":{"self":[{"href":"https:\/\/efaktura.nl\/pl\/wp-json\/wp\/v2\/posts\/2749","targetHints":{"allow":["GET"]}}],"collection":[{"href":"https:\/\/efaktura.nl\/pl\/wp-json\/wp\/v2\/posts"}],"about":[{"href":"https:\/\/efaktura.nl\/pl\/wp-json\/wp\/v2\/types\/post"}],"author":[{"embeddable":true,"href":"https:\/\/efaktura.nl\/pl\/wp-json\/wp\/v2\/users\/2"}],"replies":[{"embeddable":true,"href":"https:\/\/efaktura.nl\/pl\/wp-json\/wp\/v2\/comments?post=2749"}],"version-history":[{"count":1,"href":"https:\/\/efaktura.nl\/pl\/wp-json\/wp\/v2\/posts\/2749\/revisions"}],"predecessor-version":[{"id":36838,"href":"https:\/\/efaktura.nl\/pl\/wp-json\/wp\/v2\/posts\/2749\/revisions\/36838"}],"wp:featuredmedia":[{"embeddable":true,"href":"https:\/\/efaktura.nl\/pl\/wp-json\/wp\/v2\/media\/14880"}],"wp:attachment":[{"href":"https:\/\/efaktura.nl\/pl\/wp-json\/wp\/v2\/media?parent=2749"}],"wp:term":[{"taxonomy":"category","embeddable":true,"href":"https:\/\/efaktura.nl\/pl\/wp-json\/wp\/v2\/categories?post=2749"},{"taxonomy":"post_tag","embeddable":true,"href":"https:\/\/efaktura.nl\/pl\/wp-json\/wp\/v2\/tags?post=2749"}],"curies":[{"name":"wp","href":"https:\/\/api.w.org\/{rel}","templated":true}]}}