{"id":31047,"date":"2025-01-18T12:00:00","date_gmt":"2025-01-18T11:00:00","guid":{"rendered":"https:\/\/efaktura.nl\/?p=31047"},"modified":"2025-01-24T14:03:50","modified_gmt":"2025-01-24T13:03:50","slug":"nowe-wystawianie-faktury","status":"publish","type":"post","link":"https:\/\/efaktura.nl\/pl\/nowe-wystawianie-faktury\/","title":{"rendered":"Nowe wystawianie faktury"},"content":{"rendered":"\n<p class=\"wp-block-paragraph\">Nasz dzia\u0142 UI\/UX zadba\u0142 o to, aby proces fakturowania by\u0142 bardziej intuicyjny i dostosowany do Twoich potrzeb. Wprowadzili\u015bmy zmiany, kt\u00f3re nie tylko od\u015bwie\u017caj\u0105 wygl\u0105d interfejsu, ale przede wszystkim poprawiaj\u0105 jego funkcjonalno\u015b\u0107.<\/p>\n\n\n\n<p class=\"wp-block-paragraph\">Wystawianie faktur to najwa\u017cniejsza funkcja aplikacji, dlatego ulepszyli\u015bmy j\u0105 w pierwszej kolejno\u015bci. W najbli\u017cszym czasie b\u0119dziemy wprowadza\u0107 nowy interfejs w kolejnych miejscach eFaktura.nl.<\/p>\n\n\n\n<p class=\"wp-block-paragraph\">Zmiany pozornie wydaj\u0105 si\u0119 jedynie estetyczne, jednak kryje si\u0119 za nimi przemy\u015blany i przetestowany proces, zaprojektowany z my\u015bl\u0105 o potrzebach u\u017cytkownik\u00f3w eFaktura.nl i najwy\u017cszych standardach tworzenia aplikacji.<\/p>\n\n\n\n<p class=\"wp-block-paragraph\"><strong>Najwa\u017cniejsze nowo\u015bci:<\/strong><\/p>\n\n\n\n<ul class=\"wp-block-list\">\n<li><strong>Rozdzielenie cen jednostkowych i ca\u0142kowitych na VAT i bez VAT<br><\/strong>Ka\u017cda linia faktury teraz jasno pokazuje ceny zar\u00f3wno z VAT, jak i bez VAT \u2013 zgodnie z przepisami i dla wi\u0119kszej dok\u0142adno\u015bci.<\/li>\n\n\n\n<li><strong>Dodawanie produkt\u00f3w do bazy w trakcie fakturowania<br><\/strong>Nowe pozycje na fakturze mo\u017cesz zapisa\u0107 w swojej bazie danych bezpo\u015brednio podczas wystawiania faktury \u2013 szybciej i wygodniej.<\/li>\n\n\n\n<li><strong>W\u0142asne nazwy zni\u017cek<br><\/strong>Teraz ka\u017cdej zni\u017cce mo\u017cesz nada\u0107 indywidualn\u0105 nazw\u0119, co pozwala lepiej zarz\u0105dza\u0107 rabatami.<\/li>\n\n\n\n<li><strong>Wi\u0119ksza przejrzysto\u015b\u0107 i intuicyjno\u015b\u0107<br><\/strong>Ka\u017cdy krok procesu jest teraz bardziej zrozumia\u0142y i intuicyjny, \u017ceby u\u0142atwi\u0107 Ci codzienn\u0105 prac\u0119.<\/li>\n<\/ul>\n\n\n\n<h3 class=\"wp-block-heading\"><strong>Ewolucja, zamiast rewolucji <\/strong><\/h3>\n\n\n\n<p class=\"wp-block-paragraph\">Wprowadzili\u015bmy te zmiany z my\u015bl\u0105 o Tobie. W nast\u0119pnych tygodniach b\u0119dziemy kontynuowa\u0107 wprowadzanie zmian w innych cz\u0119\u015bciach eFaktura.nl \u2013 o wszystkim b\u0119dziemy Ci\u0119 informowa\u0107 na bie\u017c\u0105co.<\/p>\n\n\n\n<figure class=\"wp-block-embed is-type-video is-provider-youtube wp-block-embed-youtube wp-embed-aspect-16-9 wp-has-aspect-ratio\"><div class=\"wp-block-embed__wrapper\">\n<iframe loading=\"lazy\" title=\"Poznaj Ulepszone Fakturowanie w eFaktura.nl - film instrukta\u017cowy\" width=\"500\" height=\"281\" src=\"https:\/\/www.youtube.com\/embed\/Frpol2RBjL4?feature=oembed\" frameborder=\"0\" allow=\"accelerometer; autoplay; clipboard-write; encrypted-media; gyroscope; picture-in-picture; web-share\" referrerpolicy=\"strict-origin-when-cross-origin\" allowfullscreen><\/iframe>\n<\/div><\/figure>\n\n\n\n<div class=\"wp-block-buttons is-content-justification-center is-layout-flex wp-container-core-buttons-is-layout-fe48e5de wp-block-buttons-is-layout-flex\">\n<div class=\"wp-block-button\"><a class=\"wp-block-button__link wp-element-button\" href=\"https:\/\/app.efaktura.nl\/#\/invoices\/new\">sprawd\u017a jak to dzia\u0142a<\/a><\/div>\n<\/div>\n\n\n\n<p class=\"wp-block-paragraph\"><\/p>\n","protected":false},"excerpt":{"rendered":"<p>Wprowadzili\u015bmy zmiany, kt\u00f3re nie tylko od\u015bwie\u017caj\u0105 wygl\u0105d interfejsu, ale przede wszystkim poprawiaj\u0105 jego funkcjonalno\u015b\u0107.<\/p>\n","protected":false},"author":3,"featured_media":31222,"comment_status":"closed","ping_status":"closed","sticky":false,"template":"","format":"standard","meta":{"_acf_changed":false,"_crdt_document":"","inline_featured_image":false,"footnotes":""},"categories":[63],"tags":[62],"class_list":["post-31047","post","type-post","status-publish","format-standard","has-post-thumbnail","hentry","category-systemowe","tag-pokaz-w-systemie"],"acf":[],"yoast_head":"<!-- This site is optimized with the Yoast SEO plugin v27.4 - https:\/\/yoast.com\/product\/yoast-seo-wordpress\/ -->\n<title>Nowe wystawianie faktury - eFaktura.nl<\/title>\n<meta name=\"description\" content=\"Wprowadzili\u015bmy zmiany, kt\u00f3re nie tylko od\u015bwie\u017caj\u0105 wygl\u0105d interfejsu, ale przede wszystkim poprawiaj\u0105 jego funkcjonalno\u015b\u0107.\" \/>\n<meta name=\"robots\" content=\"index, follow, max-snippet:-1, max-image-preview:large, max-video-preview:-1\" \/>\n<link rel=\"canonical\" href=\"https:\/\/efaktura.nl\/pl\/nowe-wystawianie-faktury\/\" \/>\n<meta property=\"og:locale\" content=\"pl_PL\" \/>\n<meta property=\"og:type\" content=\"article\" \/>\n<meta property=\"og:title\" content=\"Nowe wystawianie faktury - eFaktura.nl\" \/>\n<meta property=\"og:description\" content=\"Wprowadzili\u015bmy zmiany, kt\u00f3re nie tylko od\u015bwie\u017caj\u0105 wygl\u0105d interfejsu, ale przede wszystkim poprawiaj\u0105 jego funkcjonalno\u015b\u0107.\" \/>\n<meta property=\"og:url\" content=\"https:\/\/efaktura.nl\/pl\/nowe-wystawianie-faktury\/\" \/>\n<meta property=\"og:site_name\" content=\"eFaktura.nl\" \/>\n<meta property=\"article:publisher\" content=\"https:\/\/www.facebook.com\/efaktura.nl\" \/>\n<meta property=\"article:published_time\" content=\"2025-01-18T11:00:00+00:00\" \/>\n<meta property=\"article:modified_time\" content=\"2025-01-24T13:03:50+00:00\" \/>\n<meta property=\"og:image\" content=\"https:\/\/efaktura.nl\/wp-content\/uploads\/Zdjecie-WhatsApp-2025-01-13-o-13.07.14_53d39433.jpg\" \/>\n\t<meta property=\"og:image:width\" content=\"900\" \/>\n\t<meta property=\"og:image:height\" content=\"600\" \/>\n\t<meta property=\"og:image:type\" content=\"image\/jpeg\" \/>\n<meta name=\"author\" content=\"Natalia Tanalska\" \/>\n<meta name=\"twitter:card\" content=\"summary_large_image\" \/>\n<script type=\"application\/ld+json\" class=\"yoast-schema-graph\">{\"@context\":\"https:\\\/\\\/schema.org\",\"@graph\":[{\"@type\":\"Article\",\"@id\":\"https:\\\/\\\/efaktura.nl\\\/pl\\\/nowe-wystawianie-faktury\\\/#article\",\"isPartOf\":{\"@id\":\"https:\\\/\\\/efaktura.nl\\\/pl\\\/nowe-wystawianie-faktury\\\/\"},\"author\":{\"name\":\"Natalia Tanalska\",\"@id\":\"https:\\\/\\\/efaktura.nl\\\/pl\\\/#\\\/schema\\\/person\\\/1b6361d5dcfd5eea37cf7f151ffc98cf\"},\"headline\":\"Nowe wystawianie faktury\",\"datePublished\":\"2025-01-18T11:00:00+00:00\",\"dateModified\":\"2025-01-24T13:03:50+00:00\",\"mainEntityOfPage\":{\"@id\":\"https:\\\/\\\/efaktura.nl\\\/pl\\\/nowe-wystawianie-faktury\\\/\"},\"wordCount\":262,\"publisher\":{\"@id\":\"https:\\\/\\\/efaktura.nl\\\/pl\\\/#organization\"},\"image\":{\"@id\":\"https:\\\/\\\/efaktura.nl\\\/pl\\\/nowe-wystawianie-faktury\\\/#primaryimage\"},\"thumbnailUrl\":\"https:\\\/\\\/efaktura.nl\\\/wp-content\\\/uploads\\\/Zdjecie-WhatsApp-2025-01-13-o-13.07.14_53d39433.jpg\",\"keywords\":[\"poka\u017c-w-systemie\"],\"articleSection\":[\"Systemowe\"],\"inLanguage\":\"pl-PL\"},{\"@type\":\"WebPage\",\"@id\":\"https:\\\/\\\/efaktura.nl\\\/pl\\\/nowe-wystawianie-faktury\\\/\",\"url\":\"https:\\\/\\\/efaktura.nl\\\/pl\\\/nowe-wystawianie-faktury\\\/\",\"name\":\"Nowe wystawianie faktury - eFaktura.nl\",\"isPartOf\":{\"@id\":\"https:\\\/\\\/efaktura.nl\\\/pl\\\/#website\"},\"primaryImageOfPage\":{\"@id\":\"https:\\\/\\\/efaktura.nl\\\/pl\\\/nowe-wystawianie-faktury\\\/#primaryimage\"},\"image\":{\"@id\":\"https:\\\/\\\/efaktura.nl\\\/pl\\\/nowe-wystawianie-faktury\\\/#primaryimage\"},\"thumbnailUrl\":\"https:\\\/\\\/efaktura.nl\\\/wp-content\\\/uploads\\\/Zdjecie-WhatsApp-2025-01-13-o-13.07.14_53d39433.jpg\",\"datePublished\":\"2025-01-18T11:00:00+00:00\",\"dateModified\":\"2025-01-24T13:03:50+00:00\",\"description\":\"Wprowadzili\u015bmy zmiany, kt\u00f3re nie tylko od\u015bwie\u017caj\u0105 wygl\u0105d interfejsu, ale przede wszystkim poprawiaj\u0105 jego funkcjonalno\u015b\u0107.\",\"breadcrumb\":{\"@id\":\"https:\\\/\\\/efaktura.nl\\\/pl\\\/nowe-wystawianie-faktury\\\/#breadcrumb\"},\"inLanguage\":\"pl-PL\",\"potentialAction\":[{\"@type\":\"ReadAction\",\"target\":[\"https:\\\/\\\/efaktura.nl\\\/pl\\\/nowe-wystawianie-faktury\\\/\"]}]},{\"@type\":\"ImageObject\",\"inLanguage\":\"pl-PL\",\"@id\":\"https:\\\/\\\/efaktura.nl\\\/pl\\\/nowe-wystawianie-faktury\\\/#primaryimage\",\"url\":\"https:\\\/\\\/efaktura.nl\\\/wp-content\\\/uploads\\\/Zdjecie-WhatsApp-2025-01-13-o-13.07.14_53d39433.jpg\",\"contentUrl\":\"https:\\\/\\\/efaktura.nl\\\/wp-content\\\/uploads\\\/Zdjecie-WhatsApp-2025-01-13-o-13.07.14_53d39433.jpg\",\"width\":900,\"height\":600,\"caption\":\"zmiany ux\"},{\"@type\":\"BreadcrumbList\",\"@id\":\"https:\\\/\\\/efaktura.nl\\\/pl\\\/nowe-wystawianie-faktury\\\/#breadcrumb\",\"itemListElement\":[{\"@type\":\"ListItem\",\"position\":1,\"name\":\"Strona g\u0142\u00f3wna\",\"item\":\"https:\\\/\\\/efaktura.nl\\\/pl\\\/new-home\\\/\"},{\"@type\":\"ListItem\",\"position\":2,\"name\":\"Nowe wystawianie faktury\"}]},{\"@type\":\"WebSite\",\"@id\":\"https:\\\/\\\/efaktura.nl\\\/pl\\\/#website\",\"url\":\"https:\\\/\\\/efaktura.nl\\\/pl\\\/\",\"name\":\"eFaktura.nl\",\"description\":\"\",\"publisher\":{\"@id\":\"https:\\\/\\\/efaktura.nl\\\/pl\\\/#organization\"},\"potentialAction\":[{\"@type\":\"SearchAction\",\"target\":{\"@type\":\"EntryPoint\",\"urlTemplate\":\"https:\\\/\\\/efaktura.nl\\\/pl\\\/?s={search_term_string}\"},\"query-input\":{\"@type\":\"PropertyValueSpecification\",\"valueRequired\":true,\"valueName\":\"search_term_string\"}}],\"inLanguage\":\"pl-PL\"},{\"@type\":\"Organization\",\"@id\":\"https:\\\/\\\/efaktura.nl\\\/pl\\\/#organization\",\"name\":\"eFaktura\",\"url\":\"https:\\\/\\\/efaktura.nl\\\/pl\\\/\",\"logo\":{\"@type\":\"ImageObject\",\"inLanguage\":\"pl-PL\",\"@id\":\"https:\\\/\\\/efaktura.nl\\\/pl\\\/#\\\/schema\\\/logo\\\/image\\\/\",\"url\":\"https:\\\/\\\/efaktura.nl\\\/wp-content\\\/uploads\\\/logo-efaktura-25.svg\",\"contentUrl\":\"https:\\\/\\\/efaktura.nl\\\/wp-content\\\/uploads\\\/logo-efaktura-25.svg\",\"width\":264,\"height\":31,\"caption\":\"eFaktura\"},\"image\":{\"@id\":\"https:\\\/\\\/efaktura.nl\\\/pl\\\/#\\\/schema\\\/logo\\\/image\\\/\"},\"sameAs\":[\"https:\\\/\\\/www.facebook.com\\\/efaktura.nl\",\"https:\\\/\\\/www.instagram.com\\\/efaktura.eu\\\/\",\"https:\\\/\\\/www.youtube.com\\\/channel\\\/UCpx6sOnTCmDMkAG2QEyW9PA\"]},{\"@type\":\"Person\",\"@id\":\"https:\\\/\\\/efaktura.nl\\\/pl\\\/#\\\/schema\\\/person\\\/1b6361d5dcfd5eea37cf7f151ffc98cf\",\"name\":\"Natalia Tanalska\"}]}<\/script>\n<!-- \/ Yoast SEO plugin. -->","yoast_head_json":{"title":"Nowe wystawianie faktury - eFaktura.nl","description":"Wprowadzili\u015bmy zmiany, kt\u00f3re nie tylko od\u015bwie\u017caj\u0105 wygl\u0105d interfejsu, ale przede wszystkim poprawiaj\u0105 jego funkcjonalno\u015b\u0107.","robots":{"index":"index","follow":"follow","max-snippet":"max-snippet:-1","max-image-preview":"max-image-preview:large","max-video-preview":"max-video-preview:-1"},"canonical":"https:\/\/efaktura.nl\/pl\/nowe-wystawianie-faktury\/","og_locale":"pl_PL","og_type":"article","og_title":"Nowe wystawianie faktury - eFaktura.nl","og_description":"Wprowadzili\u015bmy zmiany, kt\u00f3re nie tylko od\u015bwie\u017caj\u0105 wygl\u0105d interfejsu, ale przede wszystkim poprawiaj\u0105 jego funkcjonalno\u015b\u0107.","og_url":"https:\/\/efaktura.nl\/pl\/nowe-wystawianie-faktury\/","og_site_name":"eFaktura.nl","article_publisher":"https:\/\/www.facebook.com\/efaktura.nl","article_published_time":"2025-01-18T11:00:00+00:00","article_modified_time":"2025-01-24T13:03:50+00:00","og_image":[{"width":900,"height":600,"url":"https:\/\/efaktura.nl\/wp-content\/uploads\/Zdjecie-WhatsApp-2025-01-13-o-13.07.14_53d39433.jpg","type":"image\/jpeg"}],"author":"Natalia Tanalska","twitter_card":"summary_large_image","schema":{"@context":"https:\/\/schema.org","@graph":[{"@type":"Article","@id":"https:\/\/efaktura.nl\/pl\/nowe-wystawianie-faktury\/#article","isPartOf":{"@id":"https:\/\/efaktura.nl\/pl\/nowe-wystawianie-faktury\/"},"author":{"name":"Natalia Tanalska","@id":"https:\/\/efaktura.nl\/pl\/#\/schema\/person\/1b6361d5dcfd5eea37cf7f151ffc98cf"},"headline":"Nowe wystawianie faktury","datePublished":"2025-01-18T11:00:00+00:00","dateModified":"2025-01-24T13:03:50+00:00","mainEntityOfPage":{"@id":"https:\/\/efaktura.nl\/pl\/nowe-wystawianie-faktury\/"},"wordCount":262,"publisher":{"@id":"https:\/\/efaktura.nl\/pl\/#organization"},"image":{"@id":"https:\/\/efaktura.nl\/pl\/nowe-wystawianie-faktury\/#primaryimage"},"thumbnailUrl":"https:\/\/efaktura.nl\/wp-content\/uploads\/Zdjecie-WhatsApp-2025-01-13-o-13.07.14_53d39433.jpg","keywords":["poka\u017c-w-systemie"],"articleSection":["Systemowe"],"inLanguage":"pl-PL"},{"@type":"WebPage","@id":"https:\/\/efaktura.nl\/pl\/nowe-wystawianie-faktury\/","url":"https:\/\/efaktura.nl\/pl\/nowe-wystawianie-faktury\/","name":"Nowe wystawianie faktury - eFaktura.nl","isPartOf":{"@id":"https:\/\/efaktura.nl\/pl\/#website"},"primaryImageOfPage":{"@id":"https:\/\/efaktura.nl\/pl\/nowe-wystawianie-faktury\/#primaryimage"},"image":{"@id":"https:\/\/efaktura.nl\/pl\/nowe-wystawianie-faktury\/#primaryimage"},"thumbnailUrl":"https:\/\/efaktura.nl\/wp-content\/uploads\/Zdjecie-WhatsApp-2025-01-13-o-13.07.14_53d39433.jpg","datePublished":"2025-01-18T11:00:00+00:00","dateModified":"2025-01-24T13:03:50+00:00","description":"Wprowadzili\u015bmy zmiany, kt\u00f3re nie tylko od\u015bwie\u017caj\u0105 wygl\u0105d interfejsu, ale przede wszystkim poprawiaj\u0105 jego funkcjonalno\u015b\u0107.","breadcrumb":{"@id":"https:\/\/efaktura.nl\/pl\/nowe-wystawianie-faktury\/#breadcrumb"},"inLanguage":"pl-PL","potentialAction":[{"@type":"ReadAction","target":["https:\/\/efaktura.nl\/pl\/nowe-wystawianie-faktury\/"]}]},{"@type":"ImageObject","inLanguage":"pl-PL","@id":"https:\/\/efaktura.nl\/pl\/nowe-wystawianie-faktury\/#primaryimage","url":"https:\/\/efaktura.nl\/wp-content\/uploads\/Zdjecie-WhatsApp-2025-01-13-o-13.07.14_53d39433.jpg","contentUrl":"https:\/\/efaktura.nl\/wp-content\/uploads\/Zdjecie-WhatsApp-2025-01-13-o-13.07.14_53d39433.jpg","width":900,"height":600,"caption":"zmiany ux"},{"@type":"BreadcrumbList","@id":"https:\/\/efaktura.nl\/pl\/nowe-wystawianie-faktury\/#breadcrumb","itemListElement":[{"@type":"ListItem","position":1,"name":"Strona g\u0142\u00f3wna","item":"https:\/\/efaktura.nl\/pl\/new-home\/"},{"@type":"ListItem","position":2,"name":"Nowe wystawianie faktury"}]},{"@type":"WebSite","@id":"https:\/\/efaktura.nl\/pl\/#website","url":"https:\/\/efaktura.nl\/pl\/","name":"eFaktura.nl","description":"","publisher":{"@id":"https:\/\/efaktura.nl\/pl\/#organization"},"potentialAction":[{"@type":"SearchAction","target":{"@type":"EntryPoint","urlTemplate":"https:\/\/efaktura.nl\/pl\/?s={search_term_string}"},"query-input":{"@type":"PropertyValueSpecification","valueRequired":true,"valueName":"search_term_string"}}],"inLanguage":"pl-PL"},{"@type":"Organization","@id":"https:\/\/efaktura.nl\/pl\/#organization","name":"eFaktura","url":"https:\/\/efaktura.nl\/pl\/","logo":{"@type":"ImageObject","inLanguage":"pl-PL","@id":"https:\/\/efaktura.nl\/pl\/#\/schema\/logo\/image\/","url":"https:\/\/efaktura.nl\/wp-content\/uploads\/logo-efaktura-25.svg","contentUrl":"https:\/\/efaktura.nl\/wp-content\/uploads\/logo-efaktura-25.svg","width":264,"height":31,"caption":"eFaktura"},"image":{"@id":"https:\/\/efaktura.nl\/pl\/#\/schema\/logo\/image\/"},"sameAs":["https:\/\/www.facebook.com\/efaktura.nl","https:\/\/www.instagram.com\/efaktura.eu\/","https:\/\/www.youtube.com\/channel\/UCpx6sOnTCmDMkAG2QEyW9PA"]},{"@type":"Person","@id":"https:\/\/efaktura.nl\/pl\/#\/schema\/person\/1b6361d5dcfd5eea37cf7f151ffc98cf","name":"Natalia Tanalska"}]}},"_links":{"self":[{"href":"https:\/\/efaktura.nl\/pl\/wp-json\/wp\/v2\/posts\/31047","targetHints":{"allow":["GET"]}}],"collection":[{"href":"https:\/\/efaktura.nl\/pl\/wp-json\/wp\/v2\/posts"}],"about":[{"href":"https:\/\/efaktura.nl\/pl\/wp-json\/wp\/v2\/types\/post"}],"author":[{"embeddable":true,"href":"https:\/\/efaktura.nl\/pl\/wp-json\/wp\/v2\/users\/3"}],"replies":[{"embeddable":true,"href":"https:\/\/efaktura.nl\/pl\/wp-json\/wp\/v2\/comments?post=31047"}],"version-history":[{"count":0,"href":"https:\/\/efaktura.nl\/pl\/wp-json\/wp\/v2\/posts\/31047\/revisions"}],"wp:featuredmedia":[{"embeddable":true,"href":"https:\/\/efaktura.nl\/pl\/wp-json\/wp\/v2\/media\/31222"}],"wp:attachment":[{"href":"https:\/\/efaktura.nl\/pl\/wp-json\/wp\/v2\/media?parent=31047"}],"wp:term":[{"taxonomy":"category","embeddable":true,"href":"https:\/\/efaktura.nl\/pl\/wp-json\/wp\/v2\/categories?post=31047"},{"taxonomy":"post_tag","embeddable":true,"href":"https:\/\/efaktura.nl\/pl\/wp-json\/wp\/v2\/tags?post=31047"}],"curies":[{"name":"wp","href":"https:\/\/api.w.org\/{rel}","templated":true}]}}