{"id":8491,"date":"2021-11-16T13:54:45","date_gmt":"2021-11-16T12:54:45","guid":{"rendered":"http:\/\/efaktura.nl\/?p=8491"},"modified":"2025-01-14T12:29:00","modified_gmt":"2025-01-14T11:29:00","slug":"kryterium-godzinowe-w-holandii","status":"publish","type":"post","link":"https:\/\/efaktura.nl\/pl\/kryterium-godzinowe-w-holandii\/","title":{"rendered":"Kryterium godzinowe w Holandii"},"content":{"rendered":"\n<h2 class=\"wp-block-heading\"><span style=\"font-weight: 400;\"><strong>Jak spe\u0142ni\u0107 kryterium godzin, \u017ceby uzyska\u0107 ulgi podatkowe?<\/strong><\/span><\/h2>\n\n\n\n<p class=\"wp-block-paragraph\"><span style=\"font-weight: 400;\">Holenderski rz\u0105d od lat prowadzi tak\u0105 polityk\u0119 gospodarcz\u0105, kt\u00f3ra ma na celu zach\u0119canie do samozatrudnienia. Innymi s\u0142owy za\u0142o\u017cenie w\u0142asnej firmy ma si\u0119 Tobie op\u0142aca\u0107. Dlatego te\u017c przedsi\u0119biorcy mog\u0105 korzysta\u0107 z szeregu ulg finansowych. Wiele z nich zwi\u0105zane jest ze spe\u0142nieniem <strong>kryterium godzinowego<\/strong>.&nbsp;<\/span><\/p>\n\n\n\n<h2 class=\"wp-block-heading\"><strong>Ile czasu pracujesz dla swojej firmy?<\/strong><\/h2>\n\n\n\n<p class=\"wp-block-paragraph\"><span style=\"font-weight: 400;\">Liczenie czasu pracy nie jest Twoim obowi\u0105zkiem. Jednak chc\u0105c korzysta\u0107 z ulg zobowi\u0105zujesz si\u0119 do prowadzenia godzin\u00f3wki, poniewa\u017c musisz umie\u0107 wykaza\u0107, \u017ce zrealizowa\u0142e\u015b wymagane kryterium godzin. <\/span><\/p>\n\n\n\n<h3 class=\"wp-block-heading\"><span style=\"font-weight: 400;\">Ulgi bezpo\u015brednio zwi\u0105zane z realizacj\u0105 kryterium godzinowego, to:<\/span><\/h3>\n\n\n\n<ul class=\"wp-block-list\">\n<li><span style=\"font-weight: 400;\">odpis dla samodzielnych przedsi\u0119biorc\u00f3w (niderl. zelfstandigenaftrek), 6670<span class=\"wHYlTd z8gr9e\">\u20ac<\/span> w 2021 roku&nbsp;<\/span><\/li>\n\n\n\n<li><span style=\"font-weight: 400;\">odpis dla pocz\u0105tkuj\u0105cych przedsi\u0119biorc\u00f3w &#8211; starter\u00f3w (niderl. startersaftrek), 2123<span class=\"wHYlTd z8gr9e\">\u20ac<\/span> w 2021&nbsp;<\/span><\/li>\n\n\n\n<li><span style=\"font-weight: 400;\">rezerwa emerytalna (niderl. oudedagsreserve), 9,44% od zysku, maksymalnie 9.395<span class=\"wHYlTd z8gr9e\">\u20ac<\/span><\/span><\/li>\n\n\n\n<li><span style=\"font-weight: 400;\">odpis dla partnera pomagaj\u0105cego w firmie (niderl. meewerkaftrek )<\/span><\/li>\n<\/ul>\n\n\n\n<p class=\"wp-block-paragraph\"><span style=\"font-weight: 400;\">Belastingdiest wymaga, \u017ceby\u015b w roku kalendarzowym przepracowa\u0142 minimum <strong>1225 godzin<\/strong>, co daje oko\u0142o 24 godzin tygodniowo. To kryterium jest sztywne, czyli nie zmienia si\u0119 bez wzgl\u0119du na to, w kt\u00f3rym miesi\u0105cu roku za\u0142o\u017cy\u0142e\u015b firm\u0119.<\/span><\/p>\n\n\n\n<h3 class=\"wp-block-heading\"><span style=\"font-weight: 400;\">Co to oznacza? <\/span><\/h3>\n\n\n\n<p class=\"wp-block-paragraph\"><span style=\"font-weight: 400;\">Nawet je\u015bli zosta\u0142e\u015b ZZP we wrze\u015bniu, wci\u0105\u017c musisz przepracowa\u0107 na rzecz swojej firmy 1125h do ko\u0144ca roku, \u017ceby m\u00f3c skorzysta\u0107 z odlicze\u0144. W innym wypadku z ulg skorzystasz dopiero w kolejnym roku kalendarzowym, oczywi\u015bcie po spe\u0142nieniu kryterium.&nbsp;<\/span><\/p>\n\n\n\n<p class=\"wp-block-paragraph\"><span style=\"font-weight: 400;\">Je\u017celi posiadasz sp\u00f3\u0142k\u0119 typu VOF, to ulgi przys\u0142uguj\u0105 ka\u017cdemu ze wsp\u00f3lnik\u00f3w, o ile spe\u0142ni on kryterium godzinowe. Oznacza to, \u017ce obowi\u0105zek prowadzenia godzin\u00f3wki dotyczy ka\u017cdego wsp\u00f3lnika.<\/span><\/p>\n\n\n\n<h4 class=\"wp-block-heading\"><span style=\"font-size: large;\"><strong><span style=\"color: #775ba7;\">Chcesz rejestrowa\u0107 godziny jak PRO?<\/span><\/strong><\/span><\/h4>\n\n\n\n<h4 class=\"wp-block-heading\"><strong><span style=\"color: #87b826;\">REJESTRUJ \u2022 POBIERAJ \u2022 AKCEPTUJ \u2022 FAKTURUJ<\/span><\/strong><\/h4>\n\n\n\n<h4 class=\"wp-block-heading\"><strong><span style=\"color: #775ba7;\">Poznaj now\u0105 ods\u0142on\u0119 GODZIN\u00d3WKI w eFaktura!<\/span><\/strong><\/h4>\n\n\n\n<h2 class=\"wp-block-heading\"><strong>Kt\u00f3re godziny mo\u017cesz zakwalifikowa\u0107?<br>Godziny bezpo\u015brednie i po\u015brednie<\/strong><\/h2>\n\n\n\n<p class=\"wp-block-paragraph\"><span style=\"font-weight: 400;\">W zasadzie ka\u017cdy czas jaki po\u015bwi\u0119casz firmie mo\u017cesz zarejestrowa\u0107, a potem wykaza\u0107, \u017ceby spe\u0142ni\u0107 kryterium. Urz\u0105d Skarbowy wyr\u00f3\u017cnia dwa rodzaje godzin po\u015bwi\u0119conych firmie &#8211; bezpo\u015brednie i po\u015brednie.<\/span><\/p>\n\n\n\n<p class=\"wp-block-paragraph\"><span style=\"font-weight: 400;\">Godziny bezpo\u015brednio po\u015bwi\u0119cone firmie, to te, kt\u00f3re sp\u0119dzasz dla konkretnego klienta realizuj\u0105c projekt. Zaliczy\u0107 do kryterium mo\u017cesz te\u017c godziny po\u015brednie &#8211; te zwi\u0105zane z prowadzeniem administracji firmy, planowaniem pracy, szkoleniami, czy dojazdami do klienta lub Twojego biura. Nie mo\u017cesz za to wliczy\u0107 czasu, w kt\u00f3rym jeste\u015b w gotowo\u015bci do podj\u0119cia dzia\u0142ania, ale faktycznie nie pracujesz.<\/span><\/p>\n\n\n\n<h2 class=\"wp-block-heading\"><strong>Jak zrealizowa\u0107 kryterium godzinowe?<\/strong><\/h2>\n\n\n\n<p class=\"wp-block-paragraph\"><span style=\"font-weight: 400;\">Musisz rejestrowa\u0107 czas, to oczywiste! Decyduj\u0105c si\u0119 na spos\u00f3b rejestracji miej na uwadze potencjaln\u0105 kontrol\u0119 skarbow\u0105. <a href=\"http:\/\/efaktura.nl\/kontrola-skarbowa-w-holandii-jest-sie-czego-bac\/\">Nie b\u00f3j si\u0119 kontroli! O audytach skarbowych w Holandii przeczytasz TU<\/a><\/span><\/p>\n\n\n\n<p class=\"wp-block-paragraph\"><span style=\"font-weight: 400;\">Poniewa\u017c urz\u0119dnik mo\u017ce oczekiwa\u0107 wgl\u0105du w godzin\u00f3wki do 7 lat wstecz, wybierz spos\u00f3b niezawodny i czytelny.&nbsp;<\/span><span style=\"font-weight: 400;\">Wpisanie ilo\u015bci przepracowanych godzin do formularza, bez po\u0142\u0105czenia tego z konkretnymi dzia\u0142aniami mo\u017ce prowadzi\u0107 do nieporozumie\u0144.<\/span><\/p>\n\n\n\n<h3 class=\"wp-block-heading\">Przepracowa\u0142e\u015b 20 godzin nad konkretnym projektem? Udowodnij to!<\/h3>\n\n\n\n<p class=\"wp-block-paragraph\"><span style=\"font-weight: 400;\">Rejestr godzin nie jest wiarygodny,je\u015bli nie mo\u017cesz powi\u0105za\u0107 go z innymi dokumentami. I to jest aspekt, na kt\u00f3ry warto zwr\u00f3ci\u0107 uwag\u0119. Powiniene\u015b, w nawi\u0105zaniu do godzin\u00f3wki, m\u00f3c przedstawi\u0107 na przyk\u0142ad faktur\u0119, maila z korespondencj\u0105 z klientem, ofert\u0119, czy wyliczenie z kilometr\u00f3wki.<a href=\"http:\/\/efaktura.nl\/kilometrowka-w-holandii\/\"> Po co Ci kilometr\u00f3wa? Przeczytaj Tu<\/a> Pomocne mog\u0105 by\u0107 te\u017c notatki w kalendarzu firmowym. <\/span><span style=\"font-weight: 400;\"><br><\/span><span style=\"font-weight: 400;\">Skomplikowane? Nie koniecznie!<\/span><\/p>\n\n\n\n<h2 class=\"wp-block-heading\"><strong>Jak rejestrowa\u0107 czas pracy nie trac\u0105c czasu?<\/strong><\/h2>\n\n\n\n<p class=\"wp-block-paragraph\"><span style=\"font-weight: 400;\">Urz\u0105d Skarbowy nie narzuca w jaki spos\u00f3b masz prowadzi\u0107 rejestr godzin &#8211; mog\u0105 to by\u0107 notatki w zeszycie, tabelka w Excelu, czy system online. Pami\u0119taj jednak, \u017ce w kwestiach administracji firmy zawsze najlepiej sprawdzaj\u0105 si\u0119 rozwi\u0105zania, kt\u00f3re s\u0105 jak najbardziej przejrzyste.<\/span><\/p>\n\n\n\n<p class=\"wp-block-paragraph\"><span style=\"font-weight: 400;\">Korzystaj\u0105c z <a href=\"http:\/\/app.efaktura.nl\">wszechstronnego systemu do administracji<\/a> wszystkie informacje niezb\u0119dne do uzasadnienia godzin\u00f3wki masz zawsze przy sobie &#8211; pocz\u0105wszy od oferty, po rejstr przejechanych kilometr\u00f3w, czy wystawion\u0105 faktur\u0119.&nbsp;<\/span><\/p>\n\n\n\n<p class=\"wp-block-paragraph\"><span style=\"font-weight: 400;\">Prowadz\u0105c elektroniczny rejestr czasu pracy mo\u017cesz te\u017c dodawa\u0107 godziny po\u015brednie, czyli te kiedy nie pracujesz dla klienta, ale dla swojej firmy. Za\u0142\u00f3\u017c w sysetmie eFaktura projekt <\/span><b>\u201cMoja firma\u201d<\/b><span style=\"font-weight: 400;\"> i \u015bmia\u0142o dodawaj czas sp\u0119dzony na jej prowadzeniu.&nbsp;<\/span><\/p>\n\n\n\n<p class=\"wp-block-paragraph\"><span style=\"font-weight: 400;\">Poza tym r\u00f3wnie\u017c w przypadku godzin\u00f3wki warto zadba\u0107 o systematyczno\u015b\u0107 &#8211; a system, kt\u00f3ry jest przyjazny w u\u017cyciu i zawsze pod r\u0119k\u0105 (bo dost\u0119pny r\u00f3wnie\u017c w telefonie) Ci to u\u0142atwi! Do tego mo\u017cesz \u015bledzi\u0107 ilo\u015b\u0107 przepracowanych godzin w skali roku i zadba\u0107 o realizacj\u0119 progu kryterium godzinowego w postaci 1225 godzin dla firmy.<\/span><\/p>\n\n\n\n<p class=\"wp-block-paragraph\"><span style=\"font-weight: 400;\">Rejestracja czasu pracy, opr\u00f3cz aspektu wymaga\u0144 skarbowych wzgl\u0119dem ZZP, ma te\u017c niebagatelne znaczenie dla Twojego systemu pracy oraz Twojej stawki godzinowej.<br>Jak to udoskonali\u0107? O tym ju\u017c niebawem!<\/span><\/p>\n","protected":false},"excerpt":{"rendered":"<p>Raz do roku od tego, jak dok\u0142adnie rejestrowa\u0142e\u015b koszty prowadzenia firmy zale\u017cy wysoko\u015b\u0107 podatku jaki zap\u0142acisz. Jak zatem uporz\u0105dkowa\u0107 paragony i inne dokumenty kosztowe prowadz\u0105c dzia\u0142alno\u015b\u0107 w Holandii?<\/p>\n","protected":false},"author":3,"featured_media":9935,"comment_status":"closed","ping_status":"closed","sticky":false,"template":"","format":"standard","meta":{"_acf_changed":false,"_crdt_document":"","inline_featured_image":false,"footnotes":""},"categories":[20,113],"tags":[46,85,22,86,87,101,88],"class_list":["post-8491","post","type-post","status-publish","format-standard","has-post-thumbnail","hentry","category-administracja","category-podatki","tag-administracja-firmy-w-holandii","tag-dokumenty-w-firmie","tag-godzinowka","tag-kary","tag-kontrola-z-belastingdienst","tag-podatki","tag-ulgi"],"acf":[],"yoast_head":"<!-- This site is optimized with the Yoast SEO plugin v27.4 - https:\/\/yoast.com\/product\/yoast-seo-wordpress\/ -->\n<title>Kryterium godzinowe w Holandii eFaktura.nl Administracja<\/title>\n<meta name=\"description\" content=\"Chc\u0105c korzysta\u0107 z ulg zobowi\u0105zujesz si\u0119 do prowadzenia godzin\u00f3wki. Musisz umie\u0107 wykaza\u0107, \u017ce zrealizowa\u0142e\u015b wymagane kryterium godzinowe.\" \/>\n<meta name=\"robots\" content=\"index, follow, max-snippet:-1, max-image-preview:large, max-video-preview:-1\" \/>\n<link rel=\"canonical\" href=\"https:\/\/efaktura.nl\/pl\/kryterium-godzinowe-w-holandii\/\" \/>\n<meta property=\"og:locale\" content=\"pl_PL\" \/>\n<meta property=\"og:type\" content=\"article\" \/>\n<meta property=\"og:title\" content=\"Kryterium godzinowe w Holandii eFaktura.nl Administracja\" \/>\n<meta property=\"og:description\" content=\"Chc\u0105c korzysta\u0107 z ulg zobowi\u0105zujesz si\u0119 do prowadzenia godzin\u00f3wki. Musisz umie\u0107 wykaza\u0107, \u017ce zrealizowa\u0142e\u015b wymagane kryterium godzinowe.\" \/>\n<meta property=\"og:url\" content=\"https:\/\/efaktura.nl\/pl\/kryterium-godzinowe-w-holandii\/\" \/>\n<meta property=\"og:site_name\" content=\"eFaktura.nl\" \/>\n<meta property=\"article:publisher\" content=\"https:\/\/www.facebook.com\/efaktura.nl\" \/>\n<meta property=\"article:published_time\" content=\"2021-11-16T12:54:45+00:00\" \/>\n<meta property=\"article:modified_time\" content=\"2025-01-14T11:29:00+00:00\" \/>\n<meta property=\"og:image\" content=\"https:\/\/efaktura.nl\/wp-content\/uploads\/efaktura-kryterium-godzinowe.png\" \/>\n\t<meta property=\"og:image:width\" content=\"900\" \/>\n\t<meta property=\"og:image:height\" content=\"600\" \/>\n\t<meta property=\"og:image:type\" content=\"image\/png\" \/>\n<meta name=\"author\" content=\"Natalia Tanalska\" \/>\n<meta name=\"twitter:card\" content=\"summary_large_image\" \/>\n<script type=\"application\/ld+json\" class=\"yoast-schema-graph\">{\"@context\":\"https:\\\/\\\/schema.org\",\"@graph\":[{\"@type\":\"Article\",\"@id\":\"https:\\\/\\\/efaktura.nl\\\/pl\\\/kryterium-godzinowe-w-holandii\\\/#article\",\"isPartOf\":{\"@id\":\"https:\\\/\\\/efaktura.nl\\\/pl\\\/kryterium-godzinowe-w-holandii\\\/\"},\"author\":{\"name\":\"Natalia Tanalska\",\"@id\":\"https:\\\/\\\/efaktura.nl\\\/pl\\\/#\\\/schema\\\/person\\\/1b6361d5dcfd5eea37cf7f151ffc98cf\"},\"headline\":\"Kryterium godzinowe w Holandii\",\"datePublished\":\"2021-11-16T12:54:45+00:00\",\"dateModified\":\"2025-01-14T11:29:00+00:00\",\"mainEntityOfPage\":{\"@id\":\"https:\\\/\\\/efaktura.nl\\\/pl\\\/kryterium-godzinowe-w-holandii\\\/\"},\"wordCount\":789,\"publisher\":{\"@id\":\"https:\\\/\\\/efaktura.nl\\\/pl\\\/#organization\"},\"image\":{\"@id\":\"https:\\\/\\\/efaktura.nl\\\/pl\\\/kryterium-godzinowe-w-holandii\\\/#primaryimage\"},\"thumbnailUrl\":\"https:\\\/\\\/efaktura.nl\\\/wp-content\\\/uploads\\\/efaktura-kryterium-godzinowe.png\",\"keywords\":[\"administracja firmy w Holandii\",\"dokumenty w firmie\",\"godzin\u00f3wka\",\"kary\",\"kontrola z Belastingdienst\",\"podatki\",\"ulgi\"],\"articleSection\":[\"Administracja\",\"Podatki\"],\"inLanguage\":\"pl-PL\"},{\"@type\":\"WebPage\",\"@id\":\"https:\\\/\\\/efaktura.nl\\\/pl\\\/kryterium-godzinowe-w-holandii\\\/\",\"url\":\"https:\\\/\\\/efaktura.nl\\\/pl\\\/kryterium-godzinowe-w-holandii\\\/\",\"name\":\"Kryterium godzinowe w Holandii eFaktura.nl Administracja\",\"isPartOf\":{\"@id\":\"https:\\\/\\\/efaktura.nl\\\/pl\\\/#website\"},\"primaryImageOfPage\":{\"@id\":\"https:\\\/\\\/efaktura.nl\\\/pl\\\/kryterium-godzinowe-w-holandii\\\/#primaryimage\"},\"image\":{\"@id\":\"https:\\\/\\\/efaktura.nl\\\/pl\\\/kryterium-godzinowe-w-holandii\\\/#primaryimage\"},\"thumbnailUrl\":\"https:\\\/\\\/efaktura.nl\\\/wp-content\\\/uploads\\\/efaktura-kryterium-godzinowe.png\",\"datePublished\":\"2021-11-16T12:54:45+00:00\",\"dateModified\":\"2025-01-14T11:29:00+00:00\",\"description\":\"Chc\u0105c korzysta\u0107 z ulg zobowi\u0105zujesz si\u0119 do prowadzenia godzin\u00f3wki. Musisz umie\u0107 wykaza\u0107, \u017ce zrealizowa\u0142e\u015b wymagane kryterium godzinowe.\",\"breadcrumb\":{\"@id\":\"https:\\\/\\\/efaktura.nl\\\/pl\\\/kryterium-godzinowe-w-holandii\\\/#breadcrumb\"},\"inLanguage\":\"pl-PL\",\"potentialAction\":[{\"@type\":\"ReadAction\",\"target\":[\"https:\\\/\\\/efaktura.nl\\\/pl\\\/kryterium-godzinowe-w-holandii\\\/\"]}]},{\"@type\":\"ImageObject\",\"inLanguage\":\"pl-PL\",\"@id\":\"https:\\\/\\\/efaktura.nl\\\/pl\\\/kryterium-godzinowe-w-holandii\\\/#primaryimage\",\"url\":\"https:\\\/\\\/efaktura.nl\\\/wp-content\\\/uploads\\\/efaktura-kryterium-godzinowe.png\",\"contentUrl\":\"https:\\\/\\\/efaktura.nl\\\/wp-content\\\/uploads\\\/efaktura-kryterium-godzinowe.png\",\"width\":900,\"height\":600},{\"@type\":\"BreadcrumbList\",\"@id\":\"https:\\\/\\\/efaktura.nl\\\/pl\\\/kryterium-godzinowe-w-holandii\\\/#breadcrumb\",\"itemListElement\":[{\"@type\":\"ListItem\",\"position\":1,\"name\":\"Strona g\u0142\u00f3wna\",\"item\":\"https:\\\/\\\/efaktura.nl\\\/pl\\\/new-home\\\/\"},{\"@type\":\"ListItem\",\"position\":2,\"name\":\"Kryterium godzinowe w Holandii\"}]},{\"@type\":\"WebSite\",\"@id\":\"https:\\\/\\\/efaktura.nl\\\/pl\\\/#website\",\"url\":\"https:\\\/\\\/efaktura.nl\\\/pl\\\/\",\"name\":\"eFaktura.nl\",\"description\":\"\",\"publisher\":{\"@id\":\"https:\\\/\\\/efaktura.nl\\\/pl\\\/#organization\"},\"potentialAction\":[{\"@type\":\"SearchAction\",\"target\":{\"@type\":\"EntryPoint\",\"urlTemplate\":\"https:\\\/\\\/efaktura.nl\\\/pl\\\/?s={search_term_string}\"},\"query-input\":{\"@type\":\"PropertyValueSpecification\",\"valueRequired\":true,\"valueName\":\"search_term_string\"}}],\"inLanguage\":\"pl-PL\"},{\"@type\":\"Organization\",\"@id\":\"https:\\\/\\\/efaktura.nl\\\/pl\\\/#organization\",\"name\":\"eFaktura\",\"url\":\"https:\\\/\\\/efaktura.nl\\\/pl\\\/\",\"logo\":{\"@type\":\"ImageObject\",\"inLanguage\":\"pl-PL\",\"@id\":\"https:\\\/\\\/efaktura.nl\\\/pl\\\/#\\\/schema\\\/logo\\\/image\\\/\",\"url\":\"https:\\\/\\\/efaktura.nl\\\/wp-content\\\/uploads\\\/logo-efaktura-25.svg\",\"contentUrl\":\"https:\\\/\\\/efaktura.nl\\\/wp-content\\\/uploads\\\/logo-efaktura-25.svg\",\"width\":264,\"height\":31,\"caption\":\"eFaktura\"},\"image\":{\"@id\":\"https:\\\/\\\/efaktura.nl\\\/pl\\\/#\\\/schema\\\/logo\\\/image\\\/\"},\"sameAs\":[\"https:\\\/\\\/www.facebook.com\\\/efaktura.nl\",\"https:\\\/\\\/www.instagram.com\\\/efaktura.eu\\\/\",\"https:\\\/\\\/www.youtube.com\\\/channel\\\/UCpx6sOnTCmDMkAG2QEyW9PA\"]},{\"@type\":\"Person\",\"@id\":\"https:\\\/\\\/efaktura.nl\\\/pl\\\/#\\\/schema\\\/person\\\/1b6361d5dcfd5eea37cf7f151ffc98cf\",\"name\":\"Natalia Tanalska\"}]}<\/script>\n<!-- \/ Yoast SEO plugin. -->","yoast_head_json":{"title":"Kryterium godzinowe w Holandii eFaktura.nl Administracja","description":"Chc\u0105c korzysta\u0107 z ulg zobowi\u0105zujesz si\u0119 do prowadzenia godzin\u00f3wki. Musisz umie\u0107 wykaza\u0107, \u017ce zrealizowa\u0142e\u015b wymagane kryterium godzinowe.","robots":{"index":"index","follow":"follow","max-snippet":"max-snippet:-1","max-image-preview":"max-image-preview:large","max-video-preview":"max-video-preview:-1"},"canonical":"https:\/\/efaktura.nl\/pl\/kryterium-godzinowe-w-holandii\/","og_locale":"pl_PL","og_type":"article","og_title":"Kryterium godzinowe w Holandii eFaktura.nl Administracja","og_description":"Chc\u0105c korzysta\u0107 z ulg zobowi\u0105zujesz si\u0119 do prowadzenia godzin\u00f3wki. Musisz umie\u0107 wykaza\u0107, \u017ce zrealizowa\u0142e\u015b wymagane kryterium godzinowe.","og_url":"https:\/\/efaktura.nl\/pl\/kryterium-godzinowe-w-holandii\/","og_site_name":"eFaktura.nl","article_publisher":"https:\/\/www.facebook.com\/efaktura.nl","article_published_time":"2021-11-16T12:54:45+00:00","article_modified_time":"2025-01-14T11:29:00+00:00","og_image":[{"width":900,"height":600,"url":"https:\/\/efaktura.nl\/wp-content\/uploads\/efaktura-kryterium-godzinowe.png","type":"image\/png"}],"author":"Natalia Tanalska","twitter_card":"summary_large_image","schema":{"@context":"https:\/\/schema.org","@graph":[{"@type":"Article","@id":"https:\/\/efaktura.nl\/pl\/kryterium-godzinowe-w-holandii\/#article","isPartOf":{"@id":"https:\/\/efaktura.nl\/pl\/kryterium-godzinowe-w-holandii\/"},"author":{"name":"Natalia Tanalska","@id":"https:\/\/efaktura.nl\/pl\/#\/schema\/person\/1b6361d5dcfd5eea37cf7f151ffc98cf"},"headline":"Kryterium godzinowe w Holandii","datePublished":"2021-11-16T12:54:45+00:00","dateModified":"2025-01-14T11:29:00+00:00","mainEntityOfPage":{"@id":"https:\/\/efaktura.nl\/pl\/kryterium-godzinowe-w-holandii\/"},"wordCount":789,"publisher":{"@id":"https:\/\/efaktura.nl\/pl\/#organization"},"image":{"@id":"https:\/\/efaktura.nl\/pl\/kryterium-godzinowe-w-holandii\/#primaryimage"},"thumbnailUrl":"https:\/\/efaktura.nl\/wp-content\/uploads\/efaktura-kryterium-godzinowe.png","keywords":["administracja firmy w Holandii","dokumenty w firmie","godzin\u00f3wka","kary","kontrola z Belastingdienst","podatki","ulgi"],"articleSection":["Administracja","Podatki"],"inLanguage":"pl-PL"},{"@type":"WebPage","@id":"https:\/\/efaktura.nl\/pl\/kryterium-godzinowe-w-holandii\/","url":"https:\/\/efaktura.nl\/pl\/kryterium-godzinowe-w-holandii\/","name":"Kryterium godzinowe w Holandii eFaktura.nl Administracja","isPartOf":{"@id":"https:\/\/efaktura.nl\/pl\/#website"},"primaryImageOfPage":{"@id":"https:\/\/efaktura.nl\/pl\/kryterium-godzinowe-w-holandii\/#primaryimage"},"image":{"@id":"https:\/\/efaktura.nl\/pl\/kryterium-godzinowe-w-holandii\/#primaryimage"},"thumbnailUrl":"https:\/\/efaktura.nl\/wp-content\/uploads\/efaktura-kryterium-godzinowe.png","datePublished":"2021-11-16T12:54:45+00:00","dateModified":"2025-01-14T11:29:00+00:00","description":"Chc\u0105c korzysta\u0107 z ulg zobowi\u0105zujesz si\u0119 do prowadzenia godzin\u00f3wki. Musisz umie\u0107 wykaza\u0107, \u017ce zrealizowa\u0142e\u015b wymagane kryterium godzinowe.","breadcrumb":{"@id":"https:\/\/efaktura.nl\/pl\/kryterium-godzinowe-w-holandii\/#breadcrumb"},"inLanguage":"pl-PL","potentialAction":[{"@type":"ReadAction","target":["https:\/\/efaktura.nl\/pl\/kryterium-godzinowe-w-holandii\/"]}]},{"@type":"ImageObject","inLanguage":"pl-PL","@id":"https:\/\/efaktura.nl\/pl\/kryterium-godzinowe-w-holandii\/#primaryimage","url":"https:\/\/efaktura.nl\/wp-content\/uploads\/efaktura-kryterium-godzinowe.png","contentUrl":"https:\/\/efaktura.nl\/wp-content\/uploads\/efaktura-kryterium-godzinowe.png","width":900,"height":600},{"@type":"BreadcrumbList","@id":"https:\/\/efaktura.nl\/pl\/kryterium-godzinowe-w-holandii\/#breadcrumb","itemListElement":[{"@type":"ListItem","position":1,"name":"Strona g\u0142\u00f3wna","item":"https:\/\/efaktura.nl\/pl\/new-home\/"},{"@type":"ListItem","position":2,"name":"Kryterium godzinowe w Holandii"}]},{"@type":"WebSite","@id":"https:\/\/efaktura.nl\/pl\/#website","url":"https:\/\/efaktura.nl\/pl\/","name":"eFaktura.nl","description":"","publisher":{"@id":"https:\/\/efaktura.nl\/pl\/#organization"},"potentialAction":[{"@type":"SearchAction","target":{"@type":"EntryPoint","urlTemplate":"https:\/\/efaktura.nl\/pl\/?s={search_term_string}"},"query-input":{"@type":"PropertyValueSpecification","valueRequired":true,"valueName":"search_term_string"}}],"inLanguage":"pl-PL"},{"@type":"Organization","@id":"https:\/\/efaktura.nl\/pl\/#organization","name":"eFaktura","url":"https:\/\/efaktura.nl\/pl\/","logo":{"@type":"ImageObject","inLanguage":"pl-PL","@id":"https:\/\/efaktura.nl\/pl\/#\/schema\/logo\/image\/","url":"https:\/\/efaktura.nl\/wp-content\/uploads\/logo-efaktura-25.svg","contentUrl":"https:\/\/efaktura.nl\/wp-content\/uploads\/logo-efaktura-25.svg","width":264,"height":31,"caption":"eFaktura"},"image":{"@id":"https:\/\/efaktura.nl\/pl\/#\/schema\/logo\/image\/"},"sameAs":["https:\/\/www.facebook.com\/efaktura.nl","https:\/\/www.instagram.com\/efaktura.eu\/","https:\/\/www.youtube.com\/channel\/UCpx6sOnTCmDMkAG2QEyW9PA"]},{"@type":"Person","@id":"https:\/\/efaktura.nl\/pl\/#\/schema\/person\/1b6361d5dcfd5eea37cf7f151ffc98cf","name":"Natalia Tanalska"}]}},"_links":{"self":[{"href":"https:\/\/efaktura.nl\/pl\/wp-json\/wp\/v2\/posts\/8491","targetHints":{"allow":["GET"]}}],"collection":[{"href":"https:\/\/efaktura.nl\/pl\/wp-json\/wp\/v2\/posts"}],"about":[{"href":"https:\/\/efaktura.nl\/pl\/wp-json\/wp\/v2\/types\/post"}],"author":[{"embeddable":true,"href":"https:\/\/efaktura.nl\/pl\/wp-json\/wp\/v2\/users\/3"}],"replies":[{"embeddable":true,"href":"https:\/\/efaktura.nl\/pl\/wp-json\/wp\/v2\/comments?post=8491"}],"version-history":[{"count":0,"href":"https:\/\/efaktura.nl\/pl\/wp-json\/wp\/v2\/posts\/8491\/revisions"}],"wp:featuredmedia":[{"embeddable":true,"href":"https:\/\/efaktura.nl\/pl\/wp-json\/wp\/v2\/media\/9935"}],"wp:attachment":[{"href":"https:\/\/efaktura.nl\/pl\/wp-json\/wp\/v2\/media?parent=8491"}],"wp:term":[{"taxonomy":"category","embeddable":true,"href":"https:\/\/efaktura.nl\/pl\/wp-json\/wp\/v2\/categories?post=8491"},{"taxonomy":"post_tag","embeddable":true,"href":"https:\/\/efaktura.nl\/pl\/wp-json\/wp\/v2\/tags?post=8491"}],"curies":[{"name":"wp","href":"https:\/\/api.w.org\/{rel}","templated":true}]}}